{"id":60287,"date":"2022-08-22T12:52:23","date_gmt":"2022-08-22T15:52:23","guid":{"rendered":"http:\/\/www.crossprensa.com.ar\/news\/?p=60287"},"modified":"2022-08-22T13:05:32","modified_gmt":"2022-08-22T16:05:32","slug":"que-lindo-sos-motocross","status":"publish","type":"post","link":"https:\/\/www.crossprensa.com.ar\/news\/que-lindo-sos-motocross\/crossprensa\/","title":{"rendered":"Que lindo sos, MOTOCROSS!"},"content":{"rendered":"<p>La 6ta. fecha del MX Cordob\u00e9s tuvo un momento muy especial, y una carrera impecable como para decir una de las mas lindas que me toc\u00f3 relatar hablando de la 2da. manga de la MX2. La intensidad de la carrera, la forma en que se pele\u00f3, como la lucha fue limpia y dura a la vez con dos CHICOS que se jugaron todo por el todo en cada metro. Es raro que haga una nota de UNA manga, pero se la merecen!<\/p>\n<p><!--more--><\/p>\n<p><img fetchpriority=\"high\" decoding=\"async\" class=\"alignnone size-full wp-image-60293\" src=\"http:\/\/www.crossprensa.com.ar\/news\/wp-content\/uploads\/2022\/08\/IMG_2025322143_082243.jpg\" alt=\"\" width=\"1325\" height=\"883\" srcset=\"https:\/\/www.crossprensa.com.ar\/news\/wp-content\/uploads\/2022\/08\/IMG_2025322143_082243.jpg 1325w, https:\/\/www.crossprensa.com.ar\/news\/wp-content\/uploads\/2022\/08\/IMG_2025322143_082243-300x200.jpg 300w, https:\/\/www.crossprensa.com.ar\/news\/wp-content\/uploads\/2022\/08\/IMG_2025322143_082243-600x400.jpg 600w, https:\/\/www.crossprensa.com.ar\/news\/wp-content\/uploads\/2022\/08\/IMG_2025322143_082243-768x512.jpg 768w, https:\/\/www.crossprensa.com.ar\/news\/wp-content\/uploads\/2022\/08\/IMG_2025322143_082243-750x500.jpg 750w, https:\/\/www.crossprensa.com.ar\/news\/wp-content\/uploads\/2022\/08\/IMG_2025322143_082243-1140x760.jpg 1140w\" sizes=\"(max-width: 1325px) 100vw, 1325px\" \/><\/p>\n<p>Reapareci\u00f3 en la categor\u00eda Franco Appo #59 y se transform\u00f3 en protagonista desde el primer momento mostrando que la velocidad la tiene, pero falta la resistencia sobre la moto (por ahora), pero nadie regal\u00f3 nada, porque los que est\u00e1n dominando fueron protagonistas excluyentes y hablo de Ramiro L\u00f3pez #53 y Jerem\u00edas Pascual #124.<\/p>\n<p><img decoding=\"async\" class=\"alignnone size-full wp-image-60289\" src=\"http:\/\/www.crossprensa.com.ar\/news\/wp-content\/uploads\/2022\/08\/IMG_202322143_082243.jpg\" alt=\"\" width=\"1335\" height=\"889\" srcset=\"https:\/\/www.crossprensa.com.ar\/news\/wp-content\/uploads\/2022\/08\/IMG_202322143_082243.jpg 1335w, https:\/\/www.crossprensa.com.ar\/news\/wp-content\/uploads\/2022\/08\/IMG_202322143_082243-300x200.jpg 300w, https:\/\/www.crossprensa.com.ar\/news\/wp-content\/uploads\/2022\/08\/IMG_202322143_082243-601x400.jpg 601w, https:\/\/www.crossprensa.com.ar\/news\/wp-content\/uploads\/2022\/08\/IMG_202322143_082243-768x511.jpg 768w, https:\/\/www.crossprensa.com.ar\/news\/wp-content\/uploads\/2022\/08\/IMG_202322143_082243-750x499.jpg 750w, https:\/\/www.crossprensa.com.ar\/news\/wp-content\/uploads\/2022\/08\/IMG_202322143_082243-1140x759.jpg 1140w\" sizes=\"(max-width: 1335px) 100vw, 1335px\" \/><\/p>\n<p>Se pasaron, estuvieron al l\u00edmite en las maniobras, se apuntaron como para partirse varias veces, la superaci\u00f3n de Jerem\u00edas sobre Ramiro, en el aire y a fondo tirando la moto al plano de una manera bestial, como no se resign\u00f3 el #53 y sali\u00f3 a buscar la punta de nuevo hasta unas infartantes dos \u00faltimas vueltas en las que terminaron casi sin diferencia.<\/p>\n<p><img decoding=\"async\" class=\"alignnone size-full wp-image-60290\" src=\"http:\/\/www.crossprensa.com.ar\/news\/wp-content\/uploads\/2022\/08\/IMG_20232213_082243.jpg\" alt=\"\" width=\"1327\" height=\"883\" srcset=\"https:\/\/www.crossprensa.com.ar\/news\/wp-content\/uploads\/2022\/08\/IMG_20232213_082243.jpg 1327w, https:\/\/www.crossprensa.com.ar\/news\/wp-content\/uploads\/2022\/08\/IMG_20232213_082243-300x200.jpg 300w, https:\/\/www.crossprensa.com.ar\/news\/wp-content\/uploads\/2022\/08\/IMG_20232213_082243-601x400.jpg 601w, https:\/\/www.crossprensa.com.ar\/news\/wp-content\/uploads\/2022\/08\/IMG_20232213_082243-768x511.jpg 768w, https:\/\/www.crossprensa.com.ar\/news\/wp-content\/uploads\/2022\/08\/IMG_20232213_082243-750x499.jpg 750w, https:\/\/www.crossprensa.com.ar\/news\/wp-content\/uploads\/2022\/08\/IMG_20232213_082243-1140x759.jpg 1140w\" sizes=\"(max-width: 1327px) 100vw, 1327px\" \/><\/p>\n<p>Andy S\u00e1nchez que con un enorme crecimiento conductivo est\u00e1 mostrando la sangre de campe\u00f3n tambi\u00e9n y estuvo en la conversaci\u00f3n durante toda la carrera, el #44.<\/p>\n<p><img loading=\"lazy\" decoding=\"async\" class=\"alignnone size-full wp-image-60291\" src=\"http:\/\/www.crossprensa.com.ar\/news\/wp-content\/uploads\/2022\/08\/IMG_2023221_082243.jpg\" alt=\"\" width=\"1329\" height=\"883\" srcset=\"https:\/\/www.crossprensa.com.ar\/news\/wp-content\/uploads\/2022\/08\/IMG_2023221_082243.jpg 1329w, https:\/\/www.crossprensa.com.ar\/news\/wp-content\/uploads\/2022\/08\/IMG_2023221_082243-300x199.jpg 300w, https:\/\/www.crossprensa.com.ar\/news\/wp-content\/uploads\/2022\/08\/IMG_2023221_082243-602x400.jpg 602w, https:\/\/www.crossprensa.com.ar\/news\/wp-content\/uploads\/2022\/08\/IMG_2023221_082243-768x510.jpg 768w, https:\/\/www.crossprensa.com.ar\/news\/wp-content\/uploads\/2022\/08\/IMG_2023221_082243-750x498.jpg 750w, https:\/\/www.crossprensa.com.ar\/news\/wp-content\/uploads\/2022\/08\/IMG_2023221_082243-1140x757.jpg 1140w\" sizes=\"(max-width: 1329px) 100vw, 1329px\" \/><\/p>\n<p>&nbsp;<\/p>\n<p><iframe style=\"border: none; overflow: hidden;\" src=\"https:\/\/www.facebook.com\/plugins\/video.php?height=314&amp;href=https%3A%2F%2Fwww.facebook.com%2FCrossprensa%2Fvideos%2F785081869505929%2F&amp;show_text=false&amp;width=560&amp;t=0\" width=\"560\" height=\"314\" frameborder=\"0\" scrolling=\"no\" allowfullscreen=\"allowfullscreen\"><\/iframe><\/p>\n<p>Pero lo mejor vino en la vuelta de honor que ambos dieron, MAS QUE MERECIDA, salud\u00e1ndose y recibiendo el agradecido aplauso de todo el p\u00fablico por el ESPECT\u00c1CULO GIGANTE que dieron los dos en una pelea franca, limpia y mostrando motocross del mejor.<\/p>\n<p><img loading=\"lazy\" decoding=\"async\" class=\"alignnone size-full wp-image-60292\" src=\"http:\/\/www.crossprensa.com.ar\/news\/wp-content\/uploads\/2022\/08\/IMG_2025322143_0892243.jpg\" alt=\"\" width=\"1325\" height=\"883\" \/><\/p>\n<p>Gracias Jere y Ramiro, y que se repita un mill\u00f3n de veces mas! Y esa nobleza que mostraron no se aprende en la pista, viene de la educaci\u00f3n en casa.<\/p>\n<p>GRACIAS MIL VECES MAS!<\/p>\n<p>&nbsp;<\/p>\n<p>&nbsp;<\/p>\n<p>&nbsp;<\/p>\n","protected":false},"excerpt":{"rendered":"<p>La 6ta. fecha del MX Cordob\u00e9s tuvo un momento muy especial, y una carrera impecable&#8230;<\/p>\n","protected":false},"author":2,"featured_media":60288,"comment_status":"open","ping_status":"open","sticky":false,"template":"","format":"standard","meta":{"om_disable_all_campaigns":false,"_monsterinsights_skip_tracking":false,"_monsterinsights_sitenote_active":false,"_monsterinsights_sitenote_note":"","_monsterinsights_sitenote_category":0,"_uf_show_specific_survey":0,"_uf_disable_surveys":false,"footnotes":""},"categories":[37,41],"tags":[],"class_list":["post-60287","post","type-post","status-publish","format-standard","has-post-thumbnail","hentry","category-crossprensa","category-mx-cordobes"],"aioseo_notices":[],"_links":{"self":[{"href":"https:\/\/www.crossprensa.com.ar\/news\/wp-json\/wp\/v2\/posts\/60287","targetHints":{"allow":["GET"]}}],"collection":[{"href":"https:\/\/www.crossprensa.com.ar\/news\/wp-json\/wp\/v2\/posts"}],"about":[{"href":"https:\/\/www.crossprensa.com.ar\/news\/wp-json\/wp\/v2\/types\/post"}],"author":[{"embeddable":true,"href":"https:\/\/www.crossprensa.com.ar\/news\/wp-json\/wp\/v2\/users\/2"}],"replies":[{"embeddable":true,"href":"https:\/\/www.crossprensa.com.ar\/news\/wp-json\/wp\/v2\/comments?post=60287"}],"version-history":[{"count":2,"href":"https:\/\/www.crossprensa.com.ar\/news\/wp-json\/wp\/v2\/posts\/60287\/revisions"}],"predecessor-version":[{"id":60298,"href":"https:\/\/www.crossprensa.com.ar\/news\/wp-json\/wp\/v2\/posts\/60287\/revisions\/60298"}],"wp:featuredmedia":[{"embeddable":true,"href":"https:\/\/www.crossprensa.com.ar\/news\/wp-json\/wp\/v2\/media\/60288"}],"wp:attachment":[{"href":"https:\/\/www.crossprensa.com.ar\/news\/wp-json\/wp\/v2\/media?parent=60287"}],"wp:term":[{"taxonomy":"category","embeddable":true,"href":"https:\/\/www.crossprensa.com.ar\/news\/wp-json\/wp\/v2\/categories?post=60287"},{"taxonomy":"post_tag","embeddable":true,"href":"https:\/\/www.crossprensa.com.ar\/news\/wp-json\/wp\/v2\/tags?post=60287"}],"curies":[{"name":"wp","href":"https:\/\/api.w.org\/{rel}","templated":true}]}}