{"id":60244,"date":"2022-08-19T10:27:01","date_gmt":"2022-08-19T13:27:01","guid":{"rendered":"http:\/\/www.crossprensa.com.ar\/news\/?p=60244"},"modified":"2022-08-19T10:53:55","modified_gmt":"2022-08-19T13:53:55","slug":"neuquen-se-prepara-de-lujo","status":"publish","type":"post","link":"https:\/\/www.crossprensa.com.ar\/news\/neuquen-se-prepara-de-lujo\/mx-argentino\/","title":{"rendered":"NEUQUEN SE PREPARA DE LUJO!"},"content":{"rendered":"<p>Se trabaj\u00f3 y mucho en La Barda, con vistas al Campeonato Argentino de Motocross que se va a correr en Neuqu\u00e9n los d\u00edas 3 y 4 de Septiembre con la 6ta. fecha del nacional, y la 3ra. para las categor\u00edas que integran Minicross. Este Jueves (18 de Agosto), mas de 50 motos estuvieron entrenando y probando la nueva configuraci\u00f3n de ese bell\u00edsimo trazado. Aqu\u00ed, las fotos de <a href=\"https:\/\/www.instagram.com\/braulioalex.ph\/\">Braulio Alex<\/a>.<\/p>\n<p><!--more--><\/p>\n<p><img fetchpriority=\"high\" decoding=\"async\" class=\"alignnone size-full wp-image-59690\" src=\"http:\/\/www.crossprensa.com.ar\/news\/wp-content\/uploads\/2022\/07\/sin-titulo-3.jpg\" alt=\"\" width=\"1280\" height=\"106\" \/><\/p>\n<p><img decoding=\"async\" class=\"alignnone size-full wp-image-60247\" src=\"http:\/\/www.crossprensa.com.ar\/news\/wp-content\/uploads\/2022\/08\/DSC_1637.jpg\" alt=\"\" width=\"4801\" height=\"3127\" \/> <img decoding=\"async\" class=\"alignnone size-full wp-image-60248\" src=\"http:\/\/www.crossprensa.com.ar\/news\/wp-content\/uploads\/2022\/08\/DSC_1715.jpg\" alt=\"\" width=\"4928\" height=\"3264\" \/> <img loading=\"lazy\" decoding=\"async\" class=\"alignnone size-full wp-image-60249\" src=\"http:\/\/www.crossprensa.com.ar\/news\/wp-content\/uploads\/2022\/08\/DSC_1605.jpg\" alt=\"\" width=\"4928\" height=\"3264\" \/> <img loading=\"lazy\" decoding=\"async\" class=\"alignnone size-full wp-image-60250\" src=\"http:\/\/www.crossprensa.com.ar\/news\/wp-content\/uploads\/2022\/08\/DSC_1590.jpg\" alt=\"\" width=\"4928\" height=\"3264\" \/> <img loading=\"lazy\" decoding=\"async\" class=\"alignnone size-full wp-image-60251\" src=\"http:\/\/www.crossprensa.com.ar\/news\/wp-content\/uploads\/2022\/08\/DSC_1582.jpg\" alt=\"\" width=\"2752\" height=\"4155\" \/> <img loading=\"lazy\" decoding=\"async\" class=\"alignnone size-full wp-image-60252\" src=\"http:\/\/www.crossprensa.com.ar\/news\/wp-content\/uploads\/2022\/08\/DSC_1515.jpg\" alt=\"\" width=\"2641\" height=\"3987\" \/><\/p>\n","protected":false},"excerpt":{"rendered":"<p>Se trabaj\u00f3 y mucho en La Barda, con vistas al Campeonato Argentino de Motocross que&#8230;<\/p>\n","protected":false},"author":2,"featured_media":60245,"comment_status":"open","ping_status":"open","sticky":false,"template":"","format":"standard","meta":{"om_disable_all_campaigns":false,"_monsterinsights_skip_tracking":false,"_monsterinsights_sitenote_active":false,"_monsterinsights_sitenote_note":"","_monsterinsights_sitenote_category":0,"_uf_show_specific_survey":0,"_uf_disable_surveys":false,"footnotes":""},"categories":[37,27],"tags":[],"class_list":["post-60244","post","type-post","status-publish","format-standard","has-post-thumbnail","hentry","category-crossprensa","category-mx-argentino"],"aioseo_notices":[],"_links":{"self":[{"href":"https:\/\/www.crossprensa.com.ar\/news\/wp-json\/wp\/v2\/posts\/60244","targetHints":{"allow":["GET"]}}],"collection":[{"href":"https:\/\/www.crossprensa.com.ar\/news\/wp-json\/wp\/v2\/posts"}],"about":[{"href":"https:\/\/www.crossprensa.com.ar\/news\/wp-json\/wp\/v2\/types\/post"}],"author":[{"embeddable":true,"href":"https:\/\/www.crossprensa.com.ar\/news\/wp-json\/wp\/v2\/users\/2"}],"replies":[{"embeddable":true,"href":"https:\/\/www.crossprensa.com.ar\/news\/wp-json\/wp\/v2\/comments?post=60244"}],"version-history":[{"count":4,"href":"https:\/\/www.crossprensa.com.ar\/news\/wp-json\/wp\/v2\/posts\/60244\/revisions"}],"predecessor-version":[{"id":60255,"href":"https:\/\/www.crossprensa.com.ar\/news\/wp-json\/wp\/v2\/posts\/60244\/revisions\/60255"}],"wp:featuredmedia":[{"embeddable":true,"href":"https:\/\/www.crossprensa.com.ar\/news\/wp-json\/wp\/v2\/media\/60245"}],"wp:attachment":[{"href":"https:\/\/www.crossprensa.com.ar\/news\/wp-json\/wp\/v2\/media?parent=60244"}],"wp:term":[{"taxonomy":"category","embeddable":true,"href":"https:\/\/www.crossprensa.com.ar\/news\/wp-json\/wp\/v2\/categories?post=60244"},{"taxonomy":"post_tag","embeddable":true,"href":"https:\/\/www.crossprensa.com.ar\/news\/wp-json\/wp\/v2\/tags?post=60244"}],"curies":[{"name":"wp","href":"https:\/\/api.w.org\/{rel}","templated":true}]}}