{"id":60177,"date":"2022-08-15T10:19:36","date_gmt":"2022-08-15T13:19:36","guid":{"rendered":"http:\/\/www.crossprensa.com.ar\/news\/?p=60177"},"modified":"2022-08-15T10:19:36","modified_gmt":"2022-08-15T13:19:36","slug":"tim-gajser-campeon-del-mundo-y-nuestra-historia","status":"publish","type":"post","link":"https:\/\/www.crossprensa.com.ar\/news\/tim-gajser-campeon-del-mundo-y-nuestra-historia\/mxgp\/","title":{"rendered":"TIM GAJSER CAMPE\u00d3N DEL MUNDO, y nuestra historia."},"content":{"rendered":"<p>Se corr\u00eda MXGP en Argentina. Hab\u00edamos coordinado con Natali y Cristian , que son los pap\u00e1s de Nachito D\u00edaz, para visitar los boxes del Mundial en Villa La Angostura con algunas cosas ya preparadas y algunas imprevistas. La visita a Jorge Prado ya era un hecho, pero surgieron otras que ni pens\u00e1bamos y se las quiero contar porque merecen quedar escritas.<\/p>\n<p><strong><em>MXGP was running in Argentina. We had coordinated with Natali and Cristian , who are the parents of Nachito D\u00edaz, to visit the World Championship boxes in Villa La Angostura with some things already prepared and some unforeseen. The visit to Jorge Prado was already a fact, but others arose that we did not even think about and I want to tell you about them because they deserve to be written down.<\/em><\/strong><\/p>\n<p><!--more--><\/p>\n<p>Cuando conocimos a Tim, all\u00e1 por el a\u00f1o 2014 gracias a Andreja Prel, sab\u00edamos que era un gran piloto pero no lo conoc\u00edamos como persona. Hoy si y por eso lo destacamos. De su capacidad como piloto hablamos todo el a\u00f1o, hoy queremos destacar esto que van a leer.<\/p>\n<p><iframe style=\"border: none; overflow: hidden;\" src=\"https:\/\/www.facebook.com\/plugins\/video.php?height=476&amp;href=https%3A%2F%2Fwww.facebook.com%2FCrossprensa%2Fvideos%2F618774525636900%2F&amp;show_text=false&amp;width=476&amp;t=0\" width=\"476\" height=\"476\" frameborder=\"0\" scrolling=\"no\" allowfullscreen=\"allowfullscreen\"><\/iframe><\/p>\n<p><em><strong>When we met Tim back in 2014 thanks to Andreja Prel, we knew he was a great driver but we didn&#8217;t know him as a person. Today yes and that&#8217;s why we highlight it. We talk about his ability as a pilot all year, today we want to highlight what you are going to read.<\/strong><\/em><\/p>\n<p><a href=\"https:\/\/foxracing.ar\/\"><img fetchpriority=\"high\" decoding=\"async\" class=\"alignnone wp-image-59685 size-full\" src=\"http:\/\/www.crossprensa.com.ar\/news\/wp-content\/uploads\/2022\/07\/1200x100-Fox-e1658664909405.jpg\" alt=\"\" width=\"1200\" height=\"100\" \/><\/a><\/p>\n<p>Nuestro trabajo nos permite tener ciertos privilegios, que con todo el respeto que merecen cada uno de los protagonistas, los usamos para llegar a lugares que habitualmente no es f\u00e1cil ingresar.<\/p>\n<p>Llegamos al box del equipo HRC Honda, y charlamos con Marcus Pereira de Freitas, que es General manager del Team HRC para contarle la historia de Nachito y hablamos con Tim al segundo siguiente que se acerc\u00f3 a escuchar lo que contaba.<\/p>\n<p>NO LO DUD\u00d3.<\/p>\n<p>Me dice: &#8220;Me das un segundo por favor?&#8221; Mientras yo lo miraba ingresar a la zona reservada donde habitualmente no entra nadie. Tom\u00f3 uno de sus googles (antiparras), nuevas y con todos sus descartables, y la funda. Me pidi\u00f3 que lo acompa\u00f1ara hasta donde estaba Nachito y sus padres y con una enorme sonrisa se la firm\u00f3 y se la entreg\u00f3.<\/p>\n<p>Yo tenia las l\u00e1grimas contenidas. Por mi pasi\u00f3n y por la pasi\u00f3n de ese nene que en un regalo recibi\u00f3 mas vida.<\/p>\n<p>Y ese es TIM GAJSER, el campe\u00f3n del mundo. Humanidad, humildad, buena gente.<\/p>\n<p>Un piloto limpio en la pista, y todo lo dem\u00e1s fuera de ella. Por esto y tantas otras cosas lo admiro, por su historia tambi\u00e9n de ese n\u00famero 243.<\/p>\n<p>Felicitaciones Tim, Marcus y todo el equipo!!!<\/p>\n<p>Record\u00e9 una vieja publicidad de la marca en USA: La buena gente se conoce sobre una Honda.<\/p>\n<p>Gracias tambi\u00e9n a Natali y Cristian, por permitirme ser parte de esa felicidad de un piloto de motocross, que solamente encontr\u00f3 otro obst\u00e1culo en la pista de la vida, pero lo va a superar con un scrub!<\/p>\n<p>N\u00e9stor &#8220;Pampero&#8221; Guti\u00e9rrez<\/p>\n<p>Director de Crossprensa.<\/p>\n<p><a href=\"https:\/\/www.instagram.com\/avantmotos_oficial\/\"><img decoding=\"async\" class=\"alignnone wp-image-58216 size-full\" src=\"http:\/\/www.crossprensa.com.ar\/news\/wp-content\/uploads\/2022\/04\/Cascos.gif\" alt=\"\" width=\"1200\" height=\"108\" \/><\/a><\/p>\n<p><em><strong>Our work allows us to have certain privileges, which with all the respect that each of the protagonists deserve, we use to reach places that are not usually easy to enter.<\/strong><\/em><\/p>\n<p><em><strong>We arrived at the HRC Honda team box, and we chatted with Marcus Pereira de Freitas, who is General Manager of Team HRC to tell him Nachito&#8217;s story and we talked to Tim the next second who came over to listen to what he had to say.<\/strong><\/em><\/p>\n<p><em><strong>I DO NOT DOUBT IT.<\/strong><\/em><\/p>\n<p><em><strong>He says to me: &#8220;Would you give me a second please?&#8221; While I watched him enter the reserved area where no one usually enters. He took one of his goggles, new and with all its disposables, and the case. He asked me to accompany him to where Nachito and his parents were and with a huge smile he signed it and handed it to him.<\/strong><\/em><\/p>\n<p><img decoding=\"async\" class=\"alignnone size-medium wp-image-60180\" src=\"http:\/\/www.crossprensa.com.ar\/news\/wp-content\/uploads\/2022\/08\/WhatsApp-Image-2022-08-15-at-8.36.50-AM-300x200.jpeg\" alt=\"\" width=\"300\" height=\"200\" srcset=\"https:\/\/www.crossprensa.com.ar\/news\/wp-content\/uploads\/2022\/08\/WhatsApp-Image-2022-08-15-at-8.36.50-AM-300x200.jpeg 300w, https:\/\/www.crossprensa.com.ar\/news\/wp-content\/uploads\/2022\/08\/WhatsApp-Image-2022-08-15-at-8.36.50-AM-600x400.jpeg 600w, https:\/\/www.crossprensa.com.ar\/news\/wp-content\/uploads\/2022\/08\/WhatsApp-Image-2022-08-15-at-8.36.50-AM-768x512.jpeg 768w, https:\/\/www.crossprensa.com.ar\/news\/wp-content\/uploads\/2022\/08\/WhatsApp-Image-2022-08-15-at-8.36.50-AM-750x500.jpeg 750w, https:\/\/www.crossprensa.com.ar\/news\/wp-content\/uploads\/2022\/08\/WhatsApp-Image-2022-08-15-at-8.36.50-AM-1140x760.jpeg 1140w, https:\/\/www.crossprensa.com.ar\/news\/wp-content\/uploads\/2022\/08\/WhatsApp-Image-2022-08-15-at-8.36.50-AM.jpeg 1280w\" sizes=\"(max-width: 300px) 100vw, 300px\" \/><\/p>\n<p><em><strong>I held back tears. For my passion and for the passion of that child who received more life in a gift.<\/strong><\/em><\/p>\n<p><em><strong>And that&#8217;s TIM GAJSER, the world champion. Humanity, humility, good people.<\/strong><\/em><\/p>\n<p><em><strong>A clean driver on the track, and everything else off it. For this and many other things I admire him, for his story also of that number 243.<\/strong><\/em><\/p>\n<p><em><strong>Congratulations Tim, Marcus and the whole team!!!<\/strong><\/em><\/p>\n<p><em><strong>I remembered an old advertisement for the brand in the USA: Good people know each other on a Honda.<\/strong><\/em><\/p>\n<p><em><strong>Thanks also to Natali and Cristian, for allowing me to be part of the happiness of a motocross rider, who only found another obstacle on the track of life, but will overcome it with a scrub!<\/strong><\/em><\/p>\n<p><em><strong>Nestor &#8220;Pampero&#8221; Gutierrez<\/strong><\/em><\/p>\n<p><em><strong>Director of Crossprensa Argentina.<\/strong><\/em><\/p>\n","protected":false},"excerpt":{"rendered":"<p>Se corr\u00eda MXGP en Argentina. Hab\u00edamos coordinado con Natali y Cristian , que son los&#8230;<\/p>\n","protected":false},"author":2,"featured_media":60178,"comment_status":"open","ping_status":"open","sticky":false,"template":"","format":"standard","meta":{"om_disable_all_campaigns":false,"_monsterinsights_skip_tracking":false,"_monsterinsights_sitenote_active":false,"_monsterinsights_sitenote_note":"","_monsterinsights_sitenote_category":0,"_uf_show_specific_survey":0,"_uf_disable_surveys":false,"footnotes":""},"categories":[37,24,115],"tags":[],"class_list":["post-60177","post","type-post","status-publish","format-standard","has-post-thumbnail","hentry","category-crossprensa","category-mxgp","category-mxgp-argentina"],"aioseo_notices":[],"_links":{"self":[{"href":"https:\/\/www.crossprensa.com.ar\/news\/wp-json\/wp\/v2\/posts\/60177","targetHints":{"allow":["GET"]}}],"collection":[{"href":"https:\/\/www.crossprensa.com.ar\/news\/wp-json\/wp\/v2\/posts"}],"about":[{"href":"https:\/\/www.crossprensa.com.ar\/news\/wp-json\/wp\/v2\/types\/post"}],"author":[{"embeddable":true,"href":"https:\/\/www.crossprensa.com.ar\/news\/wp-json\/wp\/v2\/users\/2"}],"replies":[{"embeddable":true,"href":"https:\/\/www.crossprensa.com.ar\/news\/wp-json\/wp\/v2\/comments?post=60177"}],"version-history":[{"count":2,"href":"https:\/\/www.crossprensa.com.ar\/news\/wp-json\/wp\/v2\/posts\/60177\/revisions"}],"predecessor-version":[{"id":60181,"href":"https:\/\/www.crossprensa.com.ar\/news\/wp-json\/wp\/v2\/posts\/60177\/revisions\/60181"}],"wp:featuredmedia":[{"embeddable":true,"href":"https:\/\/www.crossprensa.com.ar\/news\/wp-json\/wp\/v2\/media\/60178"}],"wp:attachment":[{"href":"https:\/\/www.crossprensa.com.ar\/news\/wp-json\/wp\/v2\/media?parent=60177"}],"wp:term":[{"taxonomy":"category","embeddable":true,"href":"https:\/\/www.crossprensa.com.ar\/news\/wp-json\/wp\/v2\/categories?post=60177"},{"taxonomy":"post_tag","embeddable":true,"href":"https:\/\/www.crossprensa.com.ar\/news\/wp-json\/wp\/v2\/tags?post=60177"}],"curies":[{"name":"wp","href":"https:\/\/api.w.org\/{rel}","templated":true}]}}