{"id":59980,"date":"2022-08-04T09:45:51","date_gmt":"2022-08-04T12:45:51","guid":{"rendered":"http:\/\/www.crossprensa.com.ar\/news\/?p=59980"},"modified":"2022-08-04T09:46:23","modified_gmt":"2022-08-04T12:46:23","slug":"59980","status":"publish","type":"post","link":"https:\/\/www.crossprensa.com.ar\/news\/59980\/mxgp\/","title":{"rendered":"MXGP: EL TEAM HRC VA POR LA RECUPERACI\u00d3N EN UDEVALLA."},"content":{"rendered":"<p>El MXGP de Suecia regresa al calendario del campeonato mundial de motocross despu\u00e9s de una ausencia de dos a\u00f1os, para darles a Tim Gajser y Mitch Evans, del equipo HRC, la oportunidad de volver a sus altos niveles de rendimiento despu\u00e9s de una complicada carrera en Lommel, B\u00e9lgica.<\/p>\n<p><!--more--><\/p>\n<p>Con solo cuatro carreras restantes de esta temporada de 2022, Gajser se encuentra en una posici\u00f3n de comando, 122 puntos por delante de su rival m\u00e1s cercano y emocionado de terminar la temporada con fuerza.\u00a0La arena profunda de Lommel no fue lo mejor para el #243, pero busca recuperarse con un buen resultado en Uddevalla, Suecia, un lugar en el que gan\u00f3 antes en 2017 (MXGP) y 2015 (MX2).\u00a0Despu\u00e9s de perderse las temporadas afectadas por Covid, la hist\u00f3rica pista, justo al norte de Gotemburgo, deber\u00eda ver a muchos fan\u00e1ticos salir a animar a los pilotos de Honda y ambos buscar\u00e1n responder compitiendo por las posiciones del podio una vez m\u00e1s.<\/p>\n<p><a href=\"https:\/\/www.instagram.com\/avantmotos_oficial\/\"><img fetchpriority=\"high\" decoding=\"async\" class=\"alignnone wp-image-59693 size-full\" src=\"http:\/\/www.crossprensa.com.ar\/news\/wp-content\/uploads\/2022\/07\/Sin-t\u00edtulo-7044.jpg\" alt=\"\" width=\"1594\" height=\"174\" \/><\/a><\/p>\n<p>Evans estuvo en la tercera posici\u00f3n durante la mayor parte de la carrera de clasificaci\u00f3n de Lommel, pero un golpe a un par de vueltas del final lo hizo retroceder posiciones, y aunque pudo resistir la primera mitad de la manga uno en 13er. lugar.\u00a0Se decidi\u00f3 que no largara en la segunda carrera y, en cambio, se diera la mejor oportunidad de recuperarse para esta carrera en Suecia, donde deber\u00eda sentirse mucho mejor y donde deber\u00eda poder volver a la forma que ten\u00eda. lo vio poner en seis finales fuertes y consecutivas en los tres eventos anteriores.<\/p>\n<p>Con el buen clima en Europa que parece continuar, la pista de Uddevalla deber\u00eda estar en \u00f3ptimas condiciones, y con dos a\u00f1os para trabajar en todo para su pr\u00f3ximo evento, las instalaciones tambi\u00e9n deber\u00edan estar a la altura de sus habituales altos est\u00e1ndares, ya que dan la bienvenida a los mejores corredores en el mundo.\u00a0Como ocurre con todos los eventos de este a\u00f1o, el campeonato vuelve a tener un formato de dos d\u00edas con pr\u00e1ctica libre y cronometrada seguida de una carrera de clasificaci\u00f3n el s\u00e1bado y luego un warm up matutino y las dos mangas el domingo por la tarde.<\/p>\n<p><img decoding=\"async\" class=\"alignnone size-full wp-image-59982\" src=\"http:\/\/www.crossprensa.com.ar\/news\/wp-content\/uploads\/2022\/08\/Tim-Gajser-62eac5252c5cc0.41416443.jpg\" alt=\"\" width=\"800\" height=\"533\" srcset=\"https:\/\/www.crossprensa.com.ar\/news\/wp-content\/uploads\/2022\/08\/Tim-Gajser-62eac5252c5cc0.41416443.jpg 800w, https:\/\/www.crossprensa.com.ar\/news\/wp-content\/uploads\/2022\/08\/Tim-Gajser-62eac5252c5cc0.41416443-300x200.jpg 300w, https:\/\/www.crossprensa.com.ar\/news\/wp-content\/uploads\/2022\/08\/Tim-Gajser-62eac5252c5cc0.41416443-600x400.jpg 600w, https:\/\/www.crossprensa.com.ar\/news\/wp-content\/uploads\/2022\/08\/Tim-Gajser-62eac5252c5cc0.41416443-768x512.jpg 768w, https:\/\/www.crossprensa.com.ar\/news\/wp-content\/uploads\/2022\/08\/Tim-Gajser-62eac5252c5cc0.41416443-750x500.jpg 750w\" sizes=\"(max-width: 800px) 100vw, 800px\" \/><\/p>\n<p><strong>Tim Gajser 243<\/strong><br \/>\n<em>Estas \u00faltimas semanas, solo quer\u00eda volver a la normalidad y tratar de disfrutar de mi manejo.\u00a0La \u00faltima vez que estuve en Lommel no fue la mejor y fue decepcionante en ese momento, pero no puedo cambiar eso, solo tengo que salir y acelerar en Suecia y estoy seguro de que puedo hacer que eso suceda.\u00a0Disfruto de Uddevalla y es bueno volver all\u00ed despu\u00e9s de unos a\u00f1os de descanso, y estoy emocionado de correr frente a mis fan\u00e1ticos escandinavos una vez m\u00e1s.<\/em><\/p>\n<p><strong>Mitch Evans 43<\/strong><br \/>\n<em>Parece que estoy haciendo un poco de progreso, algo pasa y tengo que recuperarme y bajar la cabeza y trabajar a\u00fan m\u00e1s para volver a lo que ten\u00eda.\u00a0Todo iba muy bien en la carrera de clasificaci\u00f3n en Lommel, pero ahora he tenido que recuperarme un poco y dejar que mi cuerpo se mejore e intentar volver a ese nivel para Suecia.\u00a0Tengo muchas ganas de ir all\u00ed y acelerar para obtener los resultados de los que s\u00e9 que soy capaz.\u00a0Siento que he estado muy cerca de hacerlo y conf\u00edo en que puedo terminar esta temporada con fuerza.<\/em><\/p>\n<p><strong>Marcus Pereira de Freitas<\/strong><br \/>\n<strong>Gerente general de HRC &#8211; MXGP<\/strong><br \/>\n<em>Ciertamente ha sido una temporada desafiante, llena de muchas carreras buenas, pero tambi\u00e9n algunas dif\u00edciles y la \u00faltima vez en Lommel fue una lucha.\u00a0Sin embargo, lo bueno es que tanto Tim como Mitch son personas positivas, por lo que no dejar\u00e1n que eso los afecte, y ambos estar\u00e1n muy motivados para hacerlo bien este fin de semana en Suecia.\u00a0El equipo tambi\u00e9n se est\u00e1 asegurando de que todo sea perfecto para ellos, tal como lo ha hecho durante todo el a\u00f1o y estoy muy orgulloso del nivel que han mantenido hasta ahora.\u00a0Nos quedan cuatro fechas y todos queremos hacerlo bien en cada evento.<\/em><\/p>\n<p>Textp: HRC Honda<\/p>\n<p>Imagen principal: Bavo<\/p>\n<p>Traducci\u00f3n y adaptaci\u00f3n: Crossprensa<\/p>\n","protected":false},"excerpt":{"rendered":"<p>El MXGP de Suecia regresa al calendario del campeonato mundial de motocross despu\u00e9s de una&#8230;<\/p>\n","protected":false},"author":2,"featured_media":59981,"comment_status":"open","ping_status":"open","sticky":false,"template":"","format":"standard","meta":{"om_disable_all_campaigns":false,"_monsterinsights_skip_tracking":false,"_monsterinsights_sitenote_active":false,"_monsterinsights_sitenote_note":"","_monsterinsights_sitenote_category":0,"_uf_show_specific_survey":0,"_uf_disable_surveys":false,"footnotes":""},"categories":[37,24],"tags":[],"class_list":["post-59980","post","type-post","status-publish","format-standard","has-post-thumbnail","hentry","category-crossprensa","category-mxgp"],"aioseo_notices":[],"_links":{"self":[{"href":"https:\/\/www.crossprensa.com.ar\/news\/wp-json\/wp\/v2\/posts\/59980","targetHints":{"allow":["GET"]}}],"collection":[{"href":"https:\/\/www.crossprensa.com.ar\/news\/wp-json\/wp\/v2\/posts"}],"about":[{"href":"https:\/\/www.crossprensa.com.ar\/news\/wp-json\/wp\/v2\/types\/post"}],"author":[{"embeddable":true,"href":"https:\/\/www.crossprensa.com.ar\/news\/wp-json\/wp\/v2\/users\/2"}],"replies":[{"embeddable":true,"href":"https:\/\/www.crossprensa.com.ar\/news\/wp-json\/wp\/v2\/comments?post=59980"}],"version-history":[{"count":2,"href":"https:\/\/www.crossprensa.com.ar\/news\/wp-json\/wp\/v2\/posts\/59980\/revisions"}],"predecessor-version":[{"id":59984,"href":"https:\/\/www.crossprensa.com.ar\/news\/wp-json\/wp\/v2\/posts\/59980\/revisions\/59984"}],"wp:featuredmedia":[{"embeddable":true,"href":"https:\/\/www.crossprensa.com.ar\/news\/wp-json\/wp\/v2\/media\/59981"}],"wp:attachment":[{"href":"https:\/\/www.crossprensa.com.ar\/news\/wp-json\/wp\/v2\/media?parent=59980"}],"wp:term":[{"taxonomy":"category","embeddable":true,"href":"https:\/\/www.crossprensa.com.ar\/news\/wp-json\/wp\/v2\/categories?post=59980"},{"taxonomy":"post_tag","embeddable":true,"href":"https:\/\/www.crossprensa.com.ar\/news\/wp-json\/wp\/v2\/tags?post=59980"}],"curies":[{"name":"wp","href":"https:\/\/api.w.org\/{rel}","templated":true}]}}