{"id":59959,"date":"2022-08-03T13:51:00","date_gmt":"2022-08-03T16:51:00","guid":{"rendered":"http:\/\/www.crossprensa.com.ar\/news\/?p=59959"},"modified":"2022-08-03T14:12:38","modified_gmt":"2022-08-03T17:12:38","slug":"me-argentino-vuelve-neuquen","status":"publish","type":"post","link":"https:\/\/www.crossprensa.com.ar\/news\/me-argentino-vuelve-neuquen\/mx-argentino\/","title":{"rendered":"MX ARGENTINO: VUELVE NEUQU\u00c9N!!!"},"content":{"rendered":"<p>Las versiones y negociaciones sobre la carrera ven\u00edan dando vueltas hace unos d\u00edas, y hoy luego de charlar con directivos podemos confirmar que el Campeonato Argentino de Motocross, vuelve al m\u00edtico circuito de la capital neuquina!<\/p>\n<p><!--more--><\/p>\n<p><a href=\"https:\/\/kawasakiargentina.com\/es\/\"><img fetchpriority=\"high\" decoding=\"async\" class=\"alignnone wp-image-59008 size-full\" src=\"http:\/\/www.crossprensa.com.ar\/news\/wp-content\/uploads\/2022\/06\/1200x100_animado.gif\" alt=\"\" width=\"1200\" height=\"100\" \/><\/a><\/p>\n<p>La pista que tiene actividad cont\u00ednua con mas a\u00f1os en Argentina, es La Barda en Neuqu\u00e9n. Desde 1978 que ininterrumpidamente han trabajado para mantener y sostener ese lugar m\u00e1gico donde hemos visto carrera impresionantes! y ser\u00e1 la pr\u00f3xima fecha del Campeonato Argentino la que se presente, los d\u00edas 3 y 4 de Septiembre, con la 6ta. fecha de 2022 para las categor\u00edas habituales y la 3ra. del a\u00f1o para Minicross y 65cc.<\/p>\n<p><a href=\"https:\/\/globalparts.ar\/\"><img decoding=\"async\" class=\"alignnone wp-image-59685 size-full\" src=\"http:\/\/www.crossprensa.com.ar\/news\/wp-content\/uploads\/2022\/07\/1200x100-Fox-e1658664909405.jpg\" alt=\"\" width=\"1200\" height=\"100\" \/><\/a><\/p>\n<p>Este pr\u00f3ximo Viernes hay una importante reuni\u00f3n en el circuito con autoridades de Gobierno, Sergio Sanfilippo como representante de Camod y la Comisi\u00f3n Directiva de La Barda para ya definir los trabajos a realizar.<\/p>\n<p>Es un verdadero placer poder anunciar esta carrera, porque se lo merece Neuqu\u00e9n como club, como organizador y como Ciudad por toda la historia que tiene dentro del Motocross.<\/p>\n<p><a href=\"https:\/\/globalparts.ar\/\"><img decoding=\"async\" class=\"alignnone wp-image-59686 size-full\" src=\"http:\/\/www.crossprensa.com.ar\/news\/wp-content\/uploads\/2022\/07\/1200x100-Leat.jpg\" alt=\"\" width=\"5001\" height=\"418\" \/><\/a><\/p>\n<p>En la foto de tapa, la recordada carrera &#8220;del barro&#8221; con #4 Nicol\u00e1s Fanello adelante, seguido de #7 Dar\u00edo Arco, #114 Sebasti\u00e1n S\u00e1nchez, #71 Marco Schmit y el #925 Jerem\u00edas Fern\u00e1ndez.<\/p>\n<p><img loading=\"lazy\" decoding=\"async\" class=\"alignnone size-full wp-image-59960\" src=\"http:\/\/www.crossprensa.com.ar\/news\/wp-content\/uploads\/2022\/08\/274061098_1676537599356375_2789135164517782245_n-1-1.jpg\" alt=\"\" width=\"1258\" height=\"941\" srcset=\"https:\/\/www.crossprensa.com.ar\/news\/wp-content\/uploads\/2022\/08\/274061098_1676537599356375_2789135164517782245_n-1-1.jpg 1258w, https:\/\/www.crossprensa.com.ar\/news\/wp-content\/uploads\/2022\/08\/274061098_1676537599356375_2789135164517782245_n-1-1-300x224.jpg 300w, https:\/\/www.crossprensa.com.ar\/news\/wp-content\/uploads\/2022\/08\/274061098_1676537599356375_2789135164517782245_n-1-1-535x400.jpg 535w, https:\/\/www.crossprensa.com.ar\/news\/wp-content\/uploads\/2022\/08\/274061098_1676537599356375_2789135164517782245_n-1-1-768x574.jpg 768w, https:\/\/www.crossprensa.com.ar\/news\/wp-content\/uploads\/2022\/08\/274061098_1676537599356375_2789135164517782245_n-1-1-750x561.jpg 750w, https:\/\/www.crossprensa.com.ar\/news\/wp-content\/uploads\/2022\/08\/274061098_1676537599356375_2789135164517782245_n-1-1-1140x853.jpg 1140w\" sizes=\"(max-width: 1258px) 100vw, 1258px\" \/><\/p>\n<p><img loading=\"lazy\" decoding=\"async\" class=\"size-full wp-image-59962 aligncenter\" src=\"http:\/\/www.crossprensa.com.ar\/news\/wp-content\/uploads\/2022\/08\/271960452_1642422006101268_6057168894743066822_n.jpg\" alt=\"\" width=\"526\" height=\"522\" \/><\/p>\n<p>&nbsp;<\/p>\n","protected":false},"excerpt":{"rendered":"<p>Las versiones y negociaciones sobre la carrera ven\u00edan dando vueltas hace unos d\u00edas, y hoy&#8230;<\/p>\n","protected":false},"author":2,"featured_media":59961,"comment_status":"open","ping_status":"open","sticky":false,"template":"","format":"standard","meta":{"om_disable_all_campaigns":false,"_monsterinsights_skip_tracking":false,"_monsterinsights_sitenote_active":false,"_monsterinsights_sitenote_note":"","_monsterinsights_sitenote_category":0,"_uf_show_specific_survey":0,"_uf_disable_surveys":false,"footnotes":""},"categories":[37,27],"tags":[],"class_list":["post-59959","post","type-post","status-publish","format-standard","has-post-thumbnail","hentry","category-crossprensa","category-mx-argentino"],"aioseo_notices":[],"_links":{"self":[{"href":"https:\/\/www.crossprensa.com.ar\/news\/wp-json\/wp\/v2\/posts\/59959","targetHints":{"allow":["GET"]}}],"collection":[{"href":"https:\/\/www.crossprensa.com.ar\/news\/wp-json\/wp\/v2\/posts"}],"about":[{"href":"https:\/\/www.crossprensa.com.ar\/news\/wp-json\/wp\/v2\/types\/post"}],"author":[{"embeddable":true,"href":"https:\/\/www.crossprensa.com.ar\/news\/wp-json\/wp\/v2\/users\/2"}],"replies":[{"embeddable":true,"href":"https:\/\/www.crossprensa.com.ar\/news\/wp-json\/wp\/v2\/comments?post=59959"}],"version-history":[{"count":4,"href":"https:\/\/www.crossprensa.com.ar\/news\/wp-json\/wp\/v2\/posts\/59959\/revisions"}],"predecessor-version":[{"id":59966,"href":"https:\/\/www.crossprensa.com.ar\/news\/wp-json\/wp\/v2\/posts\/59959\/revisions\/59966"}],"wp:featuredmedia":[{"embeddable":true,"href":"https:\/\/www.crossprensa.com.ar\/news\/wp-json\/wp\/v2\/media\/59961"}],"wp:attachment":[{"href":"https:\/\/www.crossprensa.com.ar\/news\/wp-json\/wp\/v2\/media?parent=59959"}],"wp:term":[{"taxonomy":"category","embeddable":true,"href":"https:\/\/www.crossprensa.com.ar\/news\/wp-json\/wp\/v2\/categories?post=59959"},{"taxonomy":"post_tag","embeddable":true,"href":"https:\/\/www.crossprensa.com.ar\/news\/wp-json\/wp\/v2\/tags?post=59959"}],"curies":[{"name":"wp","href":"https:\/\/api.w.org\/{rel}","templated":true}]}}