{"id":5972,"date":"2014-11-12T08:56:23","date_gmt":"2014-11-12T11:56:23","guid":{"rendered":"http:\/\/www.crossprensa.com.ar\/news\/?p=5972"},"modified":"2014-11-12T16:56:39","modified_gmt":"2014-11-12T19:56:39","slug":"latinoamericano-de-mx","status":"publish","type":"post","link":"https:\/\/www.crossprensa.com.ar\/news\/latinoamericano-de-mx\/sin-categoria\/","title":{"rendered":"Latinoamericano de MX"},"content":{"rendered":"<p style=\"text-align: justify;\">Este fin de semana estaremos a pleno siguiendo la actuaci\u00f3n de Dar\u00edo Arco en el Latinoamericano de Motocross en Chilca, Per\u00fa, sobre la panamericana Sur, Km 69.5.<\/p>\n<p style=\"text-align: justify;\">Aqui la nomina oficial y actualizada de los pilotos participantes de esta carrera que vuelve a poner en espectativa a todo el pa\u00eds. Crossprensa estar\u00e1 AH\u00cd con sus corresponsales. Te lo vas a perder?<\/p>\n<p><!--more--><\/p>\n<p><a href=\"http:\/\/www.crossprensa.com.ar\/news\/wp-content\/uploads\/2014\/11\/zzzzzz23117_n.jpg\"><img fetchpriority=\"high\" decoding=\"async\" class=\"aligncenter  wp-image-5973\" src=\"http:\/\/www.crossprensa.com.ar\/news\/wp-content\/uploads\/2014\/11\/zzzzzz23117_n-278x400.jpg\" alt=\"zzzzzz23117_n\" width=\"354\" height=\"509\" \/><\/a><\/p>\n<p>&nbsp;<\/p>\n<p>Una correcci\u00f3n peque\u00f1a&#8230; vean que figura por COLOMBIA Edgardo PREVEDELLO que tiene su apellido mal escrito. Porqu\u00e9 por Colombia&#8230;? Vamos a dejar que el mismo lo explique.<\/p>\n<p>&nbsp;<\/p>\n<p><span style=\"color: #141823;\">como mi memoria no para&#8230; me puse a recordar el Latinoamericano del 85 en Chile, donde\u00a0<\/span><a id=\"js_2j\" class=\"profileLink\" style=\"color: #3b5998;\" href=\"https:\/\/www.facebook.com\/nlcolas.salzman\" data-hovercard=\"\/ajax\/hovercard\/user.php?id=100002582545006\">Nlcolas Salzman<\/a><span style=\"color: #141823;\">\u00a0era el sub-campe\u00f3n de ese a\u00f1o y el que ganaba el t\u00edtulo era el peruano Tommy R\u00edos en 125 (se corr\u00eda 85cc -Si, ya se llamaba as\u00ed-, 125 y 250), Salzmann debutaba con la KX125 en reemplazo de Pesce que se hab\u00eda pasado a Honda en ese a\u00f1o (No voy a contar las circunstancias, no vienen al caso ahora), y Pesce con la moto que le hab\u00eda dado Jos\u00e9 Franco, terminaba en la 3ra. posici\u00f3n final. Pero lo que les quiero contar es que en ese campeonato se corr\u00edan 4 MANGAS DE 30 MINUTOS MAS DOS VUELTAS CADA UNA, POR CATEGOR\u00cdA, salvo 85, que corr\u00eda 4 DE 20 MINUTOS. Les dice algo eso&#8230;?<\/span><\/p>\n<p>&nbsp;<\/p>\n<p>&nbsp;<\/p>\n<p><a href=\"http:\/\/www.crossprensa.com.ar\/news\/wp-content\/uploads\/2014\/11\/zzzzzz23115_n.jpg\"><img decoding=\"async\" class=\"aligncenter size-large wp-image-5974\" src=\"http:\/\/www.crossprensa.com.ar\/news\/wp-content\/uploads\/2014\/11\/zzzzzz23115_n-445x400.jpg\" alt=\"zzzzzz23115_n\" width=\"445\" height=\"400\" \/><\/a><\/p>\n<p>&nbsp;<\/p>\n<p><a href=\"http:\/\/www.crossprensa.com.ar\/news\/wp-content\/uploads\/2014\/11\/zzzzzz23117_n4.jpg\"><img decoding=\"async\" class=\"aligncenter size-large wp-image-6001\" src=\"http:\/\/www.crossprensa.com.ar\/news\/wp-content\/uploads\/2014\/11\/zzzzzz23117_n4-559x400.jpg\" alt=\"zzzzzz23117_n\" width=\"559\" height=\"400\" \/><\/a><\/p>\n<p>&nbsp;<\/p>\n","protected":false},"excerpt":{"rendered":"<p>Este fin de semana estaremos a pleno siguiendo la actuaci\u00f3n de Dar\u00edo Arco en el&#8230;<\/p>\n","protected":false},"author":2,"featured_media":0,"comment_status":"open","ping_status":"open","sticky":false,"template":"","format":"standard","meta":{"om_disable_all_campaigns":false,"_monsterinsights_skip_tracking":false,"_uf_show_specific_survey":0,"_uf_disable_surveys":false,"footnotes":""},"categories":[1],"tags":[5],"class_list":["post-5972","post","type-post","status-publish","format-standard","hentry","category-sin-categoria","tag-slice"],"aioseo_notices":[],"_links":{"self":[{"href":"https:\/\/www.crossprensa.com.ar\/news\/wp-json\/wp\/v2\/posts\/5972","targetHints":{"allow":["GET"]}}],"collection":[{"href":"https:\/\/www.crossprensa.com.ar\/news\/wp-json\/wp\/v2\/posts"}],"about":[{"href":"https:\/\/www.crossprensa.com.ar\/news\/wp-json\/wp\/v2\/types\/post"}],"author":[{"embeddable":true,"href":"https:\/\/www.crossprensa.com.ar\/news\/wp-json\/wp\/v2\/users\/2"}],"replies":[{"embeddable":true,"href":"https:\/\/www.crossprensa.com.ar\/news\/wp-json\/wp\/v2\/comments?post=5972"}],"version-history":[{"count":5,"href":"https:\/\/www.crossprensa.com.ar\/news\/wp-json\/wp\/v2\/posts\/5972\/revisions"}],"predecessor-version":[{"id":6003,"href":"https:\/\/www.crossprensa.com.ar\/news\/wp-json\/wp\/v2\/posts\/5972\/revisions\/6003"}],"wp:attachment":[{"href":"https:\/\/www.crossprensa.com.ar\/news\/wp-json\/wp\/v2\/media?parent=5972"}],"wp:term":[{"taxonomy":"category","embeddable":true,"href":"https:\/\/www.crossprensa.com.ar\/news\/wp-json\/wp\/v2\/categories?post=5972"},{"taxonomy":"post_tag","embeddable":true,"href":"https:\/\/www.crossprensa.com.ar\/news\/wp-json\/wp\/v2\/tags?post=5972"}],"curies":[{"name":"wp","href":"https:\/\/api.w.org\/{rel}","templated":true}]}}