{"id":58498,"date":"2022-05-06T14:25:30","date_gmt":"2022-05-06T17:25:30","guid":{"rendered":"http:\/\/www.crossprensa.com.ar\/news\/?p=58498"},"modified":"2022-05-06T14:28:12","modified_gmt":"2022-05-06T17:28:12","slug":"kawasaki-argentina-en-crossprensa","status":"publish","type":"post","link":"https:\/\/www.crossprensa.com.ar\/news\/kawasaki-argentina-en-crossprensa\/mx-argentino\/","title":{"rendered":"KAWASAKI ARGENTINA EN CROSSPRENSA."},"content":{"rendered":"<p>El verde lima vuelve a ser un color presente en la web donde el motocross VIVE! Y desde ya agradecer enormemente a Kawasaki Argentina a trav\u00e9s de Corven S.A., a sus directivos y a toda la empresa por confiar en nuestra difusi\u00f3n para la comercializaci\u00f3n de sus productos.<\/p>\n<p><!--more--><\/p>\n<p>Este pr\u00f3ximo fin de semana en San Luis, estaremos junto al equipo oficial (como con todos los equipos, como siempre), pero los fan\u00e1ticos y clientes tendr\u00e1n adem\u00e1s informaci\u00f3n exclusiva para conocer todos los detalles de cada carrera donde se haga presente el equipo <strong><a href=\"https:\/\/kawasakiargentina.com\/\">Kawasaki<\/a><\/strong> que comanda Fernando &#8220;Titi&#8221; B\u00faa, y que tiene como pilotos a Joaqu\u00edn Poli #179 y Agust\u00edn Poli #198 en MX1, y a Tom\u00e1s Moyano #249 en MX2.<\/p>\n<p><img decoding=\"async\" src=\"https:\/\/scontent.fros8-1.fna.fbcdn.net\/v\/t39.30808-6\/278400627_3086169444954877_2336275128807550866_n.jpg?_nc_cat=104&amp;ccb=1-6&amp;_nc_sid=0debeb&amp;_nc_eui2=AeFUYt4X0n-0IS_BO-sZBwcaZjU2RbQ2xmNmNTZFtDbGY6JbiBzDJ381NBO0Yw909va5rxGdwSkyObgdAkZYkVPi&amp;_nc_ohc=gCsBxfGTYPYAX-GWZ15&amp;_nc_ht=scontent.fros8-1.fna&amp;oh=00_AT_cIJYG0WJ-I0KSU9gFi8cLtipD3rGnDKjWzb7Z_sdPmg&amp;oe=627ABFEB\" alt=\"Puede ser una imagen de 3 personas, moto y al aire libre\" \/><\/p>\n<p><img decoding=\"async\" src=\"https:\/\/scontent.fros8-1.fna.fbcdn.net\/v\/t39.30808-6\/278230107_3083873105184511_2259942589447853061_n.jpg?_nc_cat=100&amp;ccb=1-6&amp;_nc_sid=0debeb&amp;_nc_eui2=AeH3bXYmolBhoi7GrlpiR_SIG_OBYaUdm8Ib84FhpR2bwtOG05-jGZtu8evLuLZc8qjR2e5e1EgYoeJmPfu7y4-j&amp;_nc_ohc=IXLiuYJvnrIAX8gNhYZ&amp;_nc_ht=scontent.fros8-1.fna&amp;oh=00_AT-8-OAu_EQWigTA_rLVEDM3fR1hObH739_NYp4veEfV-w&amp;oe=627A2971\" alt=\"Puede ser una imagen de 1 persona, moto y al aire libre\" \/><\/p>\n<p><img decoding=\"async\" src=\"https:\/\/scontent.fros8-1.fna.fbcdn.net\/v\/t39.30808-6\/278365261_3083866158518539_5351179719859191189_n.jpg?_nc_cat=105&amp;ccb=1-6&amp;_nc_sid=0debeb&amp;_nc_eui2=AeGWrBd7rnxExFgQoRuljqcjdDP7mSlb6et0M_uZKVvp6wr217c0CudndnvNWswTo2F-o0pV8wNT4M-y3Y50sk9D&amp;_nc_ohc=OeeqEREWx58AX-rKKsi&amp;_nc_ht=scontent.fros8-1.fna&amp;oh=00_AT-s_6krIL790QMHMHroiA815iB21KnlRc5ypiJQvujl1A&amp;oe=627B1686\" alt=\"Puede ser una imagen de 1 persona, moto de cross, moto y al aire libre\" \/><\/p>\n<p>&nbsp;<\/p>\n","protected":false},"excerpt":{"rendered":"<p>El verde lima vuelve a ser un color presente en la web donde el motocross&#8230;<\/p>\n","protected":false},"author":2,"featured_media":58499,"comment_status":"open","ping_status":"open","sticky":false,"template":"","format":"standard","meta":{"om_disable_all_campaigns":false,"_monsterinsights_skip_tracking":false,"_uf_show_specific_survey":0,"_uf_disable_surveys":false,"footnotes":""},"categories":[37,27],"tags":[],"class_list":["post-58498","post","type-post","status-publish","format-standard","has-post-thumbnail","hentry","category-crossprensa","category-mx-argentino"],"aioseo_notices":[],"_links":{"self":[{"href":"https:\/\/www.crossprensa.com.ar\/news\/wp-json\/wp\/v2\/posts\/58498","targetHints":{"allow":["GET"]}}],"collection":[{"href":"https:\/\/www.crossprensa.com.ar\/news\/wp-json\/wp\/v2\/posts"}],"about":[{"href":"https:\/\/www.crossprensa.com.ar\/news\/wp-json\/wp\/v2\/types\/post"}],"author":[{"embeddable":true,"href":"https:\/\/www.crossprensa.com.ar\/news\/wp-json\/wp\/v2\/users\/2"}],"replies":[{"embeddable":true,"href":"https:\/\/www.crossprensa.com.ar\/news\/wp-json\/wp\/v2\/comments?post=58498"}],"version-history":[{"count":3,"href":"https:\/\/www.crossprensa.com.ar\/news\/wp-json\/wp\/v2\/posts\/58498\/revisions"}],"predecessor-version":[{"id":58502,"href":"https:\/\/www.crossprensa.com.ar\/news\/wp-json\/wp\/v2\/posts\/58498\/revisions\/58502"}],"wp:featuredmedia":[{"embeddable":true,"href":"https:\/\/www.crossprensa.com.ar\/news\/wp-json\/wp\/v2\/media\/58499"}],"wp:attachment":[{"href":"https:\/\/www.crossprensa.com.ar\/news\/wp-json\/wp\/v2\/media?parent=58498"}],"wp:term":[{"taxonomy":"category","embeddable":true,"href":"https:\/\/www.crossprensa.com.ar\/news\/wp-json\/wp\/v2\/categories?post=58498"},{"taxonomy":"post_tag","embeddable":true,"href":"https:\/\/www.crossprensa.com.ar\/news\/wp-json\/wp\/v2\/tags?post=58498"}],"curies":[{"name":"wp","href":"https:\/\/api.w.org\/{rel}","templated":true}]}}