{"id":58469,"date":"2022-05-04T13:46:48","date_gmt":"2022-05-04T16:46:48","guid":{"rendered":"http:\/\/www.crossprensa.com.ar\/news\/?p=58469"},"modified":"2022-05-04T13:46:48","modified_gmt":"2022-05-04T16:46:48","slug":"eli-tomac-corre-la-gran-final-del-ama-sx","status":"publish","type":"post","link":"https:\/\/www.crossprensa.com.ar\/news\/eli-tomac-corre-la-gran-final-del-ama-sx\/ama-motocross\/","title":{"rendered":"ELI TOMAC, CORRE LA GRAN FINAL DEL AMA SX?"},"content":{"rendered":"<p>En las dos \u00faltimas carreras era notable la falta de rendimiento en las finales del hoy campe\u00f3n Eli Tomac, pero resultaba mas que raro porque lo conocemos desde siempre con largadas regulares y luego avanzar hasta ganar las finales. Pero lo de perder posiciones y quedarse casi &#8220;conforme&#8221; por como ven\u00eda, era extra\u00f1o. Aqu\u00ed explica las razones ahora que el #1 est\u00e1 atornillado en su placa delantera como campe\u00f3n!<\/p>\n<p><!--more--><\/p>\n<p><span>Despu\u00e9s de terminar quinto en la fecha 16,\u00a0<\/span><span>Eli Tomac<\/span><span>\u00a0logr\u00f3 el t\u00edtulo AMA Supercross 450SX 2022 una carrera antes del final en su estado natal de Colorado.\u00a0En su primer a\u00f1o con Yamaha, Tomac obtuvo (hasta ahora) siete victorias en carreras y 11 podios en el camino para convertirse en el campe\u00f3n de la clase principal de AMA Supercross ya que le dio al BluCru su primer t\u00edtulo 450SX desde\u00a0<\/span><span>James Stewart<\/span><span>\u00a0en 2009. Luego, Tomac lanz\u00f3 una bomba en la entrevista televisiva posterior a la carrera cuando anunci\u00f3 que ten\u00eda una lesi\u00f3n en la rodilla desde su heat en Atlanta Supercross (fecha 14) y estaba feliz de poder aguantar y obtener el t\u00edtulo.\u00a0Fue una declaraci\u00f3n bastante directa de Tomac, quien la mayor\u00eda sabe que es una persona reservada, as\u00ed que felicitaciones a ET3 por aclararlo.\u00a0<\/span><span>Poco despu\u00e9s de la conferencia de prensa posterior a la carrera, habl\u00f3 con Daniel Blair, y Tomac coment\u00f3<\/span><span>\u00a0sobre su estado mental durante la carrera 16:<\/span><\/p>\n<div class=\"attribution\">\n<p>\u201cPara ser totalmente honesto, estaba bastante tranquilo. Primero: solo pens\u00e9 en el campeonato, por d\u00f3nde estaba y la posici\u00f3n de puntos en la que estaba. Y Dos, sab\u00eda f\u00edsicamente que pod\u00eda superarlo.\u00a0Estaba m\u00e1s asustado en Atlanta y en Boston porque mi rodilla estaba rota.\u00a0Todav\u00eda no est\u00e1 bien.\u00a0Entonces, estaba bastante estresado&#8230;\u00a0No entren\u00e9 la semana pasada en absoluto.\u00a0Entonces, hoy cuando me despert\u00e9 (por el s\u00e1bado anterior) no fue muy estresante, pero como dije, las \u00faltimas dos carreras ten\u00eda m\u00e1s preocupaciones en mi mente\u201d.<\/p>\n<p><span>Steve Matthes tambi\u00e9n pregunt\u00f3 sobre la lesi\u00f3n en la rodilla, y Tomac entr\u00f3 en detalles y dijo lo siguiente:<\/span><\/p>\n<div class=\"attribution\">\n<p><span>\u201cTengo un ligamento lateral da\u00f1ado.\u00a0No hay nada m\u00e1s roto o desgarrado en la resonancia magn\u00e9tica, pero mi MCL est\u00e1 desgarrado.\u00a0Supongo que es la \u00fanica cosa en tu rodilla que puede curarse por s\u00ed sola, as\u00ed que ahora tengo que tomarme el tiempo para curarla y, con suerte, no volver a pellizcarla.\u00a0Pero por ahora, est\u00e1 mejorando cada d\u00eda.\u00a0En realidad, lo m\u00e1s dif\u00edcil de hacer es apretar la moto, porque esa es la parte interior de la rodilla, as\u00ed que ese es el punto de contacto y esa es la parte que se irrita un poco.\u00a0Ya sabes, estoy bien en las pr\u00e1cticas, luego como que soy decente durante algunas vueltas, pero donde me ha estado costando llevar la moto es b\u00e1sicamente a la mitad de la final, y ah\u00ed es exactamente donde me han escupido por la espalda (textual).\u00a0Quiero decir que vieron eso en Boston y en Denver, donde simplemente estoy dando vueltas.\u00a0Y tambi\u00e9n afecta un poco la forma en que meto la moto en las curvas.\u00a0As\u00ed que espero poder recuperar esa fuerza y \u200b\u200beso es todo lo que puedo hacer en este momento.\u00a0Y mirando hacia el futuro, creo que estar\u00e9 bien para la temporada de motocross.\u00a0Siempre y cuando no se complique.<\/span><\/p>\n<\/div>\n<p><span>Steve Matthes pregunt\u00f3: &#8220;\u00bfEs esto algo por lo que puedes tomarte este fin de semana libre o no?&#8221;<\/span><\/p>\n<p><span>Tomac respondi\u00f3:<\/span><\/p>\n<div class=\"attribution\">\n<p><span>\u201cUh\u2026 Dir\u00eda que hay una mayor probabilidad de que me tome este fin de semana libre.\u00a0A menos que las cosas realmente cambien en los pr\u00f3ximos d\u00edas, dir\u00eda que no correr\u00e9 en Salt Lake [City].\u00a0Ir\u00e9 all\u00ed sin importar lo que pase para estar con Yamaha y todos los fan\u00e1ticos en Salt Lake, pero dir\u00eda que hay un 98 por ciento de posibilidades de que no corra.\u00a0\u2026Y lo loco es que est\u00e1 desgarrado pero est\u00e1 mejorando.\u00a0Y realmente ni siquiera tiene sentido para m\u00ed, excepto por lo que dice la resonancia magn\u00e9tica, as\u00ed que no s\u00e9, ya veremos\u201d.<\/span><\/p>\n<\/div>\n<p><span>Ah\u00ed lo tienen, Tomac confirm\u00f3 el alcance de su lesi\u00f3n, cu\u00e1ndo sucedi\u00f3, y que es probable que descanse para el final de supercross mientras espera curarse la rodilla de cara a su primera temporada del Campeonato Lucas Oil AMA Pro Motocross como miembro de Monster Energy Yamaha Star Racing.<\/span><\/p>\n<\/div>\n","protected":false},"excerpt":{"rendered":"<p>En las dos \u00faltimas carreras era notable la falta de rendimiento en las finales del&#8230;<\/p>\n","protected":false},"author":2,"featured_media":57774,"comment_status":"open","ping_status":"open","sticky":false,"template":"","format":"standard","meta":{"om_disable_all_campaigns":false,"_monsterinsights_skip_tracking":false,"_monsterinsights_sitenote_active":false,"_monsterinsights_sitenote_note":"","_monsterinsights_sitenote_category":0,"_uf_show_specific_survey":0,"_uf_disable_surveys":false,"footnotes":""},"categories":[25,30,37],"tags":[],"class_list":["post-58469","post","type-post","status-publish","format-standard","has-post-thumbnail","hentry","category-ama-motocross","category-ama-supercross","category-crossprensa"],"aioseo_notices":[],"_links":{"self":[{"href":"https:\/\/www.crossprensa.com.ar\/news\/wp-json\/wp\/v2\/posts\/58469","targetHints":{"allow":["GET"]}}],"collection":[{"href":"https:\/\/www.crossprensa.com.ar\/news\/wp-json\/wp\/v2\/posts"}],"about":[{"href":"https:\/\/www.crossprensa.com.ar\/news\/wp-json\/wp\/v2\/types\/post"}],"author":[{"embeddable":true,"href":"https:\/\/www.crossprensa.com.ar\/news\/wp-json\/wp\/v2\/users\/2"}],"replies":[{"embeddable":true,"href":"https:\/\/www.crossprensa.com.ar\/news\/wp-json\/wp\/v2\/comments?post=58469"}],"version-history":[{"count":1,"href":"https:\/\/www.crossprensa.com.ar\/news\/wp-json\/wp\/v2\/posts\/58469\/revisions"}],"predecessor-version":[{"id":58470,"href":"https:\/\/www.crossprensa.com.ar\/news\/wp-json\/wp\/v2\/posts\/58469\/revisions\/58470"}],"wp:featuredmedia":[{"embeddable":true,"href":"https:\/\/www.crossprensa.com.ar\/news\/wp-json\/wp\/v2\/media\/57774"}],"wp:attachment":[{"href":"https:\/\/www.crossprensa.com.ar\/news\/wp-json\/wp\/v2\/media?parent=58469"}],"wp:term":[{"taxonomy":"category","embeddable":true,"href":"https:\/\/www.crossprensa.com.ar\/news\/wp-json\/wp\/v2\/categories?post=58469"},{"taxonomy":"post_tag","embeddable":true,"href":"https:\/\/www.crossprensa.com.ar\/news\/wp-json\/wp\/v2\/tags?post=58469"}],"curies":[{"name":"wp","href":"https:\/\/api.w.org\/{rel}","templated":true}]}}