{"id":56228,"date":"2022-01-09T23:02:37","date_gmt":"2022-01-10T02:02:37","guid":{"rendered":"http:\/\/www.crossprensa.com.ar\/news\/?p=56228"},"modified":"2022-01-10T11:29:25","modified_gmt":"2022-01-10T14:29:25","slug":"san-agustin-levanta-temperatura","status":"publish","type":"post","link":"https:\/\/www.crossprensa.com.ar\/news\/san-agustin-levanta-temperatura\/sx\/","title":{"rendered":"SAN AGUST\u00cdN LEVANTA TEMPERATURA!"},"content":{"rendered":"<p>Ni es un santo con fiebre, ni tampoco por el clima&#8230; es por el Motocross Nocturno que ya se acerca! Ac\u00e1 te contamos como se est\u00e1 trabajando porque las m\u00e1quinas no paran en la pista, las categor\u00edas, novedades y mucho mas para que disfrutes de las carreras que se vienen en Verano, en la provincia mas fierrera de Argentina!<\/p>\n<p><!--more--><\/p>\n<p>Se acerca la 5ta edici\u00f3n dela COPA SAN AGUSTIN 2022 , este a\u00f1o rendimos homenaje a nuestro querido <strong>WEY ZAPATA BACUR<\/strong>.<\/p>\n<p>Dicen los organizadores: &#8220;Rendimos homenaje al Wey porque en nuestra copa el a\u00f1o pasado vino a correr, siendo su primer experiencia despu\u00e9s de haber perdido el brazo, pas\u00f3 toda una semana en San Agust\u00edn entre carrera y carrera, haci\u00e9ndose amigo de todo el pueblo y entrenando. A dem\u00e1s para nosotros fue muy emocionante verlo andar en el barro, en una pista complicada donde algunos no se animaron a bajar la moto, despu\u00e9s de ese fin de semana el demostr\u00f3 poder andar en cualquier tipo de terreno y condici\u00f3n. Por eso, el municipio de San Agust\u00edn va a hacer una estatua del Wey a escala real en la pista de la final, donde van a estar los PADRES para dicho evento y autoridades de la municipalidad, federaci\u00f3n y mx cordob\u00e9s&#8230;&#8221;<\/p>\n<p>En la edici\u00f3n anterior se hicieron presente <strong>250 pilotos de 16 provincias diferentes<\/strong>! Inscripci\u00f3n ON LINE en este link:\u00a0<strong><a class=\"heKAw\" href=\"https:\/\/l.instagram.com\/?u=https%3A%2F%2Fbit.ly%2F3EFGJv8&amp;e=ATN4cd-NL4h3_sJoqKpV6swEKhTBXPSeJgBG7mePblW0Z6WxuRtGpk0I3Q5S4zJtcWo1-vbgEOATvAkgOD8EtA&amp;s=1\" target=\"_blank\" rel=\"me nofollow noopener noreferrer\">bit.ly\/3EFGJv8<\/a><\/strong><\/p>\n<p>gracias a nuestros sponsors pudimos repartir mas de 175 productos entre los pilotos que<\/p>\n<p>se subieron al podio y logramos aumentar la escala de premios a las categor\u00edas Mx1 y Mx2.<\/p>\n<p><strong><u><a href=\"https:\/\/www.instagram.com\/copa.san.agustin2022\/\"><img fetchpriority=\"high\" decoding=\"async\" class=\"alignnone wp-image-56231 size-full\" src=\"http:\/\/www.crossprensa.com.ar\/news\/wp-content\/uploads\/2022\/01\/240060_al29_0030.jpg\" alt=\"\" width=\"1280\" height=\"1276\" \/><\/a><\/u><\/strong><\/p>\n<p><strong><u>INFO<\/u><\/strong><\/p>\n<ol>\n<li><strong>FECHAS: <\/strong><\/li>\n<\/ol>\n<ol>\n<li><u>viernes 28 \/ s\u00e1bado 29 de enero del 2022<\/u>, CIRCUITO del polideportivo, las carreras se realizan de noche. INSCRIPCIONES arrancan <strong><em>viernes<\/em><\/strong> al medio dia, entrenamientos x la tarde, carrera clasificatoria de noche. <strong><em>D\u00eda s\u00e1bado <\/em><\/strong>entrenamientos por la tarde, carreras x la tarde \u2013 noche , 2 mangas por categor\u00eda.<\/li>\n<li><u>S\u00e1bado 5\/ domingo 6 de febrero del 2022<\/u>. CIRCUITO del balneario, las carreras se realizan durante el d\u00eda. INSCRIPCIONES arrancan el <strong><em>viernes<\/em><\/strong> por la tarde, entrenamientos <strong><em>s\u00e1bado <\/em><\/strong>por la ma\u00f1ana y medio d\u00eda, carreras clasificatorias por la tarde. <strong><em>D\u00eda domingo<\/em><\/strong> carreras desde la ma\u00f1ana hasta la tarde, 2 mangas por categor\u00eda.<\/li>\n<\/ol>\n<p>&nbsp;<\/p>\n<ol>\n<li><strong>NOVEDAD:<\/strong><\/li>\n<\/ol>\n<ol>\n<li><u>CARRERA CLASIFICATORIA:<\/u> se acomodar\u00e1n los pilotos en los partidores seg\u00fan el tiempo de la segunda tanda de pruebas. Esta carrera sirve como clasificaci\u00f3n para las carreras del d\u00eda siguiente, a su vez otorgar\u00e1n puntos <strong><u>\u00fanicamente<\/u><\/strong> para el campeonato a los 5 primeros pilotos de cada categor\u00eda (5 pts al primero hasta llegar a 1 punto al quinto puesto)<\/li>\n<li><u>CATEGORIA <strong>MINI Damas y MINI Kids:<\/strong><\/u><strong>\u00a0 <\/strong>el grupo Copa San Agust\u00edn sigue apostando al semillero e incluimos en la grilla a la categor\u00eda <strong>MINI DAMAS <\/strong>para que todas las ni\u00f1as que corren dentro de la categor\u00eda minicross tengan su espacio, as\u00ed tambi\u00e9n inclu\u00edmos a la categor\u00eda <strong>MINI KIDS<\/strong> para los m\u00e1s chiquitos de 4 a 6 a\u00f1os (clase 2016 y 2017), pensando en esos ni\u00f1os que quieren debutar en la especialidad. Ambas categor\u00edas largar\u00e1n juntas y a su vez separadas de la categor\u00eda mini A y B.<\/li>\n<\/ol>\n<p>&nbsp;<\/p>\n<ol>\n<li><strong>CATEGORIAS:<\/strong><\/li>\n<\/ol>\n<p><strong>MINI A: <\/strong>50cc, pilotos clase 2012 y 2013<\/p>\n<p><strong>MINI B :<\/strong> 50cc, pilotos clase 2014 y 2015<\/p>\n<p><strong>MINI KIDS:<\/strong> 50cc, pilotos clase 2016 y 2017<\/p>\n<p><strong>MINI DAMAS:<\/strong> 50cc, pilotas hasta clase 2012<\/p>\n<p><strong>DAMAS A :<\/strong> pilotas con experiencia nivel provincial y nacional, motos desde 85cc 2t hasta 250cc 4t.<\/p>\n<p><strong>DAMAS B: <\/strong>pilotas con poca experiencia que se inician en la actividad, motos desde 85cc 2t hasta 250cc 4t.<\/p>\n<p><strong>65cc :<\/strong> pilotos promocionados de la cat minicross, hasta clase 2010<\/p>\n<p><strong>85cc A:<\/strong> motos 85cc 2t y 150cc 4t. Pilotos hasta 15 a\u00f1os cumplidos al inicio del campeonato. Podr\u00e1n utilizar rodado \u201cbig wheel\u201d<\/p>\n<p><strong>85cc B:<\/strong> motos 85cc 2t y 150cc 4t. Pilotos hasta 12 a\u00f1os cumplicos al inicio del campeonato. Rodado chico<\/p>\n<p><strong>PRINCIPIANTES:<\/strong> pilotos iniciantes con motos 125cc y 250cc 2t &#8211; 250cc y 450cc 4t<\/p>\n<p><strong>PROMOCIONAL:<\/strong> pilotos promovidos de principiantes o con experiencia en competencias zonales con motos 125cc y 250cc 2t &#8211; 250cc y 450cc 4t<\/p>\n<p><strong>JUNIOR:<\/strong> pilotos con experiencia en la categor\u00eda promocional y 85cc, con motos 125cc y 250cc 2t &#8211; 250cc y 450cc 4t<\/p>\n<p><strong>MX3 PRINCIPIANTES:<\/strong> pilotos con bajo nivel conductivo hasta clase 1987.<\/p>\n<p><strong>MX3 A:<\/strong> Pilotos con experiencia profesional hasta clase 1987.<\/p>\n<p><strong>MX3 B:<\/strong> Pilotos hasta clase 1980.<\/p>\n<p><strong>MX3 C:<\/strong> Pilotos hasta clase 1974.<\/p>\n<p><strong>MX2 B:<\/strong> pilotos con experiencia o promovidos de la categor\u00eda Junior, con motos 125cc 2t y 250cc 4t<\/p>\n<p><strong>MX2 A:<\/strong> pilotos con experiencia nacional o promovidos de la categor\u00eda MX2B, con motos 125cc 2t y 250cc 4t<\/p>\n<p><strong>MX1 B: <\/strong>pilotos con experiencia promovidos de la clase junior o MX2, motos 250cc 2t y 450cc 4t<\/p>\n<p><strong>MX1 A:<\/strong> pilotos con experiencia nacional y provincial o promovidos de la clase MX1 B, motos 250cc 2t y 450cc 4t<\/p>\n","protected":false},"excerpt":{"rendered":"<p>Ni es un santo con fiebre, ni tampoco por el clima&#8230; es por el Motocross&#8230;<\/p>\n","protected":false},"author":2,"featured_media":0,"comment_status":"open","ping_status":"open","sticky":false,"template":"","format":"standard","meta":{"om_disable_all_campaigns":false,"_monsterinsights_skip_tracking":false,"_monsterinsights_sitenote_active":false,"_monsterinsights_sitenote_note":"","_monsterinsights_sitenote_category":0,"_uf_show_specific_survey":0,"_uf_disable_surveys":false,"footnotes":""},"categories":[41,8],"tags":[],"class_list":["post-56228","post","type-post","status-publish","format-standard","hentry","category-mx-cordobes","category-sx"],"aioseo_notices":[],"_links":{"self":[{"href":"https:\/\/www.crossprensa.com.ar\/news\/wp-json\/wp\/v2\/posts\/56228","targetHints":{"allow":["GET"]}}],"collection":[{"href":"https:\/\/www.crossprensa.com.ar\/news\/wp-json\/wp\/v2\/posts"}],"about":[{"href":"https:\/\/www.crossprensa.com.ar\/news\/wp-json\/wp\/v2\/types\/post"}],"author":[{"embeddable":true,"href":"https:\/\/www.crossprensa.com.ar\/news\/wp-json\/wp\/v2\/users\/2"}],"replies":[{"embeddable":true,"href":"https:\/\/www.crossprensa.com.ar\/news\/wp-json\/wp\/v2\/comments?post=56228"}],"version-history":[{"count":8,"href":"https:\/\/www.crossprensa.com.ar\/news\/wp-json\/wp\/v2\/posts\/56228\/revisions"}],"predecessor-version":[{"id":56245,"href":"https:\/\/www.crossprensa.com.ar\/news\/wp-json\/wp\/v2\/posts\/56228\/revisions\/56245"}],"wp:attachment":[{"href":"https:\/\/www.crossprensa.com.ar\/news\/wp-json\/wp\/v2\/media?parent=56228"}],"wp:term":[{"taxonomy":"category","embeddable":true,"href":"https:\/\/www.crossprensa.com.ar\/news\/wp-json\/wp\/v2\/categories?post=56228"},{"taxonomy":"post_tag","embeddable":true,"href":"https:\/\/www.crossprensa.com.ar\/news\/wp-json\/wp\/v2\/tags?post=56228"}],"curies":[{"name":"wp","href":"https:\/\/api.w.org\/{rel}","templated":true}]}}