{"id":56218,"date":"2022-01-09T11:46:34","date_gmt":"2022-01-09T14:46:34","guid":{"rendered":"http:\/\/www.crossprensa.com.ar\/news\/?p=56218"},"modified":"2022-01-09T11:47:45","modified_gmt":"2022-01-09T14:47:45","slug":"fallecio-jorge-nunez","status":"publish","type":"post","link":"https:\/\/www.crossprensa.com.ar\/news\/fallecio-jorge-nunez\/crossprensa\/","title":{"rendered":"Falleci\u00f3 Jorge Nu\u00f1ez."},"content":{"rendered":"<p>A veces la vida nos larga una carrera que la peleamos hasta el final, y as\u00ed de dura fue esta pista con su enfermedad que a los 64 se llev\u00f3 a correr al cielo a un gran piloto como fue Jorge Alberto Nu\u00f1ez. La noticia nos lleg\u00f3 por su hermano, tan apasionado como todos nosotros por este bendito deporte. Desde aqu\u00ed, el abrazo en silencio.<\/p>\n<p><!--more--><\/p>\n<p>Los restos del veloz y recordado piloto, ser\u00e1n sepultados este Domingo en el cementerio municipal de Villa Constituci\u00f3n.<\/p>\n<p>Buen viaje, piloto!<\/p>\n<p><img fetchpriority=\"high\" decoding=\"async\" class=\"alignnone wp-image-56220 size-full\" src=\"http:\/\/www.crossprensa.com.ar\/news\/wp-content\/uploads\/2022\/01\/WhatsApp-Image-2022-01-09-at-09.57.23.jpeg\" alt=\"\" width=\"1077\" height=\"808\" srcset=\"https:\/\/www.crossprensa.com.ar\/news\/wp-content\/uploads\/2022\/01\/WhatsApp-Image-2022-01-09-at-09.57.23.jpeg 1077w, https:\/\/www.crossprensa.com.ar\/news\/wp-content\/uploads\/2022\/01\/WhatsApp-Image-2022-01-09-at-09.57.23-300x225.jpeg 300w, https:\/\/www.crossprensa.com.ar\/news\/wp-content\/uploads\/2022\/01\/WhatsApp-Image-2022-01-09-at-09.57.23-533x400.jpeg 533w, https:\/\/www.crossprensa.com.ar\/news\/wp-content\/uploads\/2022\/01\/WhatsApp-Image-2022-01-09-at-09.57.23-768x576.jpeg 768w, https:\/\/www.crossprensa.com.ar\/news\/wp-content\/uploads\/2022\/01\/WhatsApp-Image-2022-01-09-at-09.57.23-750x563.jpeg 750w\" sizes=\"(max-width: 1077px) 100vw, 1077px\" \/><\/p>\n","protected":false},"excerpt":{"rendered":"<p>A veces la vida nos larga una carrera que la peleamos hasta el final, y&#8230;<\/p>\n","protected":false},"author":2,"featured_media":56219,"comment_status":"open","ping_status":"open","sticky":false,"template":"","format":"standard","meta":{"om_disable_all_campaigns":false,"_monsterinsights_skip_tracking":false,"_monsterinsights_sitenote_active":false,"_monsterinsights_sitenote_note":"","_monsterinsights_sitenote_category":0,"_uf_show_specific_survey":0,"_uf_disable_surveys":false,"footnotes":""},"categories":[37],"tags":[],"class_list":["post-56218","post","type-post","status-publish","format-standard","has-post-thumbnail","hentry","category-crossprensa"],"aioseo_notices":[],"_links":{"self":[{"href":"https:\/\/www.crossprensa.com.ar\/news\/wp-json\/wp\/v2\/posts\/56218","targetHints":{"allow":["GET"]}}],"collection":[{"href":"https:\/\/www.crossprensa.com.ar\/news\/wp-json\/wp\/v2\/posts"}],"about":[{"href":"https:\/\/www.crossprensa.com.ar\/news\/wp-json\/wp\/v2\/types\/post"}],"author":[{"embeddable":true,"href":"https:\/\/www.crossprensa.com.ar\/news\/wp-json\/wp\/v2\/users\/2"}],"replies":[{"embeddable":true,"href":"https:\/\/www.crossprensa.com.ar\/news\/wp-json\/wp\/v2\/comments?post=56218"}],"version-history":[{"count":2,"href":"https:\/\/www.crossprensa.com.ar\/news\/wp-json\/wp\/v2\/posts\/56218\/revisions"}],"predecessor-version":[{"id":56222,"href":"https:\/\/www.crossprensa.com.ar\/news\/wp-json\/wp\/v2\/posts\/56218\/revisions\/56222"}],"wp:featuredmedia":[{"embeddable":true,"href":"https:\/\/www.crossprensa.com.ar\/news\/wp-json\/wp\/v2\/media\/56219"}],"wp:attachment":[{"href":"https:\/\/www.crossprensa.com.ar\/news\/wp-json\/wp\/v2\/media?parent=56218"}],"wp:term":[{"taxonomy":"category","embeddable":true,"href":"https:\/\/www.crossprensa.com.ar\/news\/wp-json\/wp\/v2\/categories?post=56218"},{"taxonomy":"post_tag","embeddable":true,"href":"https:\/\/www.crossprensa.com.ar\/news\/wp-json\/wp\/v2\/tags?post=56218"}],"curies":[{"name":"wp","href":"https:\/\/api.w.org\/{rel}","templated":true}]}}