{"id":55960,"date":"2021-12-27T14:52:10","date_gmt":"2021-12-27T17:52:10","guid":{"rendered":"http:\/\/www.crossprensa.com.ar\/news\/?p=55960"},"modified":"2021-12-27T14:52:10","modified_gmt":"2021-12-27T17:52:10","slug":"martes-noche-neuquen","status":"publish","type":"post","link":"https:\/\/www.crossprensa.com.ar\/news\/martes-noche-neuquen\/sx\/","title":{"rendered":"MARTES &#8211; NOCHE &#8211; NEUQUEN"},"content":{"rendered":"<p>Motos y pilotos se ponen a punto para el comienzo de otra temporada en La Barda neuquina este Martes. Desde 1978 viene haciendo ra\u00edces en ese predio hist\u00f3rico el Motocross Club Neuqu\u00e9n, y este verano nuevamente ser\u00e1n tres fechas de un supercross que tendr\u00e1 pilotos de toda la regi\u00f3n, y toda la info EN VIVO por Crossprensa, como siempre!<\/p>\n<p><!--more--><\/p>\n<p>MARTES pista y cantina habilitada<\/p>\n<p>A partir de las 20 hs, valor ingreso a pista $1000.<br \/>\n&#x26a0;&#xfe0f;Importante tandas de entrenamiento:<br \/>\nA partir de las 20:30 hs estaremos sacando a todos los pilotos del circuito para dar comienzo a las tandas de entrenamiento que se dividiran en:<br \/>\n1ra rodados menores (12 min).<br \/>\n2da principiantes (12 min).<br \/>\n3ra intermedio (12 min).<br \/>\n4ta expertos. 15 min).<\/p>\n<p><img fetchpriority=\"high\" decoding=\"async\" class=\"alignnone wp-image-55961 size-full\" src=\"http:\/\/www.crossprensa.com.ar\/news\/wp-content\/uploads\/2021\/12\/WhatsApp-Image-2021-12-15-at-11.21.00-1.jpeg\" alt=\"\" width=\"1080\" height=\"1080\" \/><\/p>\n","protected":false},"excerpt":{"rendered":"<p>Motos y pilotos se ponen a punto para el comienzo de otra temporada en La&#8230;<\/p>\n","protected":false},"author":2,"featured_media":55962,"comment_status":"open","ping_status":"open","sticky":false,"template":"","format":"standard","meta":{"om_disable_all_campaigns":false,"_monsterinsights_skip_tracking":false,"_monsterinsights_sitenote_active":false,"_monsterinsights_sitenote_note":"","_monsterinsights_sitenote_category":0,"_uf_show_specific_survey":0,"_uf_disable_surveys":false,"footnotes":""},"categories":[8],"tags":[],"class_list":["post-55960","post","type-post","status-publish","format-standard","has-post-thumbnail","hentry","category-sx"],"aioseo_notices":[],"_links":{"self":[{"href":"https:\/\/www.crossprensa.com.ar\/news\/wp-json\/wp\/v2\/posts\/55960","targetHints":{"allow":["GET"]}}],"collection":[{"href":"https:\/\/www.crossprensa.com.ar\/news\/wp-json\/wp\/v2\/posts"}],"about":[{"href":"https:\/\/www.crossprensa.com.ar\/news\/wp-json\/wp\/v2\/types\/post"}],"author":[{"embeddable":true,"href":"https:\/\/www.crossprensa.com.ar\/news\/wp-json\/wp\/v2\/users\/2"}],"replies":[{"embeddable":true,"href":"https:\/\/www.crossprensa.com.ar\/news\/wp-json\/wp\/v2\/comments?post=55960"}],"version-history":[{"count":1,"href":"https:\/\/www.crossprensa.com.ar\/news\/wp-json\/wp\/v2\/posts\/55960\/revisions"}],"predecessor-version":[{"id":55963,"href":"https:\/\/www.crossprensa.com.ar\/news\/wp-json\/wp\/v2\/posts\/55960\/revisions\/55963"}],"wp:featuredmedia":[{"embeddable":true,"href":"https:\/\/www.crossprensa.com.ar\/news\/wp-json\/wp\/v2\/media\/55962"}],"wp:attachment":[{"href":"https:\/\/www.crossprensa.com.ar\/news\/wp-json\/wp\/v2\/media?parent=55960"}],"wp:term":[{"taxonomy":"category","embeddable":true,"href":"https:\/\/www.crossprensa.com.ar\/news\/wp-json\/wp\/v2\/categories?post=55960"},{"taxonomy":"post_tag","embeddable":true,"href":"https:\/\/www.crossprensa.com.ar\/news\/wp-json\/wp\/v2\/tags?post=55960"}],"curies":[{"name":"wp","href":"https:\/\/api.w.org\/{rel}","templated":true}]}}