{"id":55431,"date":"2021-11-22T20:10:13","date_gmt":"2021-11-22T23:10:13","guid":{"rendered":"http:\/\/www.crossprensa.com.ar\/news\/?p=55431"},"modified":"2021-11-22T20:10:13","modified_gmt":"2021-11-22T23:10:13","slug":"se-retira-zach-osborne-del-deporte","status":"publish","type":"post","link":"https:\/\/www.crossprensa.com.ar\/news\/se-retira-zach-osborne-del-deporte\/ama-motocross\/","title":{"rendered":"SE RETIRA ZACH OSBORNE DEL DEPORTE&#8230;"},"content":{"rendered":"<p>Lamentable noticia, de un piloto que todav\u00eda ten\u00eda mucho para dar por su edad. No aclara el porqu\u00e9, pero las lesiones en la espalda que lo vinieron acosando durante este \u00faltimo a\u00f1o y medio sin dudas han hecho mella en su \u00e1nimo y no dudar\u00eda en decir que fue por eso pero mejor esperar la aclaraci\u00f3n del propio piloto que en el primer comunicado no habla sobre las causas.<\/p>\n<p><!--more--><\/p>\n<p>Esto dice en su perfil de Instagram @zacho_16:<\/p>\n<p>Me retiro oficialmente de las carreras profesionales de Supercross y Motocross.\u00a0\u00a1Ha sido un viaje incre\u00edble y uno que no cambiar\u00eda por nada, ya que me ha llevado justo aqu\u00ed donde me siento hoy!\u00a0Siempre estar\u00e9 agradecido por las oportunidades de grandes personas, empresas y equipos de tener el mejor equipo y relaciones para desempe\u00f1arse al m\u00e1s alto nivel y convertirme en un campe\u00f3n de este deporte.\u00a0He logrado m\u00e1s de lo que jam\u00e1s imagin\u00e9 o incluso so\u00f1\u00e9 cuando era ni\u00f1o.\u00a0Hubo muchos puntos bajos en mi d\u00eda en los que pens\u00e9 que incluso una trayectoria que no lo pens\u00e9 jam\u00e1s, y estaba fuera de discusi\u00f3n, y mucho menos ganar campeonatos no solo en la clase 250 sino tambi\u00e9n en la clase 450.\u00a0Tuve una carrera incre\u00edble y, aunque no est\u00e1 terminando exactamente como hubiera querido, puedo decir que estoy contento.\u00a0He vertido mi coraz\u00f3n y mi alma en los \u00faltimos 16 a\u00f1os de carreras profesionales al igual que mi esposa.<a class=\"notranslate\" tabindex=\"0\" href=\"https:\/\/www.instagram.com\/brittney_osborne\/\">@brittney_osborne<\/a>e incluso a mis hijos.\u00a0Estoy muy agradecido de haber podido experimentar todo esto como familia y tendremos esos recuerdos para siempre.\u00a0Por ahora, me estoy tomando un tiempo para reagruparme, trabajar en esa lista de cosas por hacer que he estado descuidando durante bastante tiempo y descubrir qu\u00e9 sigue.\u00a0Los mantendr\u00e9 informados.\u00a0A los fans, \u00a1Muchas gracias por su apoyo a lo largo de mi carrera!<\/p>\n<p><em><strong>Tuvimos la oportunidad de hablar mucho con \u00e9l, y conocer una gran persona cuando visitamos el centro de entrenamiento de Aldon Baker en Orlando.<\/strong><\/em><\/p>\n<p><img decoding=\"async\" src=\"https:\/\/scontent.fros8-1.fna.fbcdn.net\/v\/t1.6435-9\/121449454_1306444763032329_6694191276698109564_n.jpg?_nc_cat=108&amp;ccb=1-5&amp;_nc_sid=730e14&amp;_nc_eui2=AeGkRCHW-FS2OMgwsE42t6cIkUllZwRTK6KRSWVnBFMrokHDGX7GXF8BmsMGWngEhieY1SRtlIX1RvPcpqqVMjfX&amp;_nc_ohc=RAhpNVXm2cUAX9py3CC&amp;tn=5ENWfROuO6LxAm_d&amp;_nc_ht=scontent.fros8-1.fna&amp;oh=70dea3da4159cb2647273942783e85d6&amp;oe=61C1603B\" alt=\"No hay ninguna descripci\u00f3n de la foto disponible.\" \/><\/p>\n<blockquote class=\"instagram-media\" style=\"background: #FFF; border: 0; border-radius: 3px; box-shadow: 0 0 1px 0 rgba(0,0,0,0.5),0 1px 10px 0 rgba(0,0,0,0.15); margin: 1px; max-width: 540px; min-width: 326px; padding: 0; width: calc(100% - 2px);\" data-instgrm-captioned=\"\" data-instgrm-permalink=\"https:\/\/www.instagram.com\/tv\/CWleV5rFAds\/?utm_source=ig_embed&amp;utm_campaign=loading\" data-instgrm-version=\"14\">\n<div style=\"padding: 16px;\">\n<p>&nbsp;<\/p>\n<div style=\"display: flex; flex-direction: row; align-items: center;\">\n<div style=\"background-color: #f4f4f4; border-radius: 50%; flex-grow: 0; height: 40px; margin-right: 14px; width: 40px;\"><\/div>\n<div style=\"display: flex; flex-direction: column; flex-grow: 1; justify-content: center;\">\n<div style=\"background-color: #f4f4f4; border-radius: 4px; flex-grow: 0; height: 14px; margin-bottom: 6px; width: 100px;\"><\/div>\n<div style=\"background-color: #f4f4f4; border-radius: 4px; flex-grow: 0; height: 14px; width: 60px;\"><\/div>\n<\/div>\n<\/div>\n<div style=\"padding: 19% 0;\"><\/div>\n<div style=\"display: block; height: 50px; margin: 0 auto 12px; width: 50px;\"><\/div>\n<div style=\"padding-top: 8px;\">\n<div style=\"color: #3897f0; font-family: Arial,sans-serif; font-size: 14px; font-style: normal; font-weight: 550; line-height: 18px;\">Ver esta publicaci\u00f3n en Instagram<\/div>\n<\/div>\n<div style=\"padding: 12.5% 0;\"><\/div>\n<div style=\"display: flex; flex-direction: row; margin-bottom: 14px; align-items: center;\">\n<div>\n<div style=\"background-color: #f4f4f4; border-radius: 50%; height: 12.5px; width: 12.5px; transform: translateX(0px) translateY(7px);\"><\/div>\n<div style=\"background-color: #f4f4f4; height: 12.5px; transform: rotate(-45deg) translateX(3px) translateY(1px); width: 12.5px; flex-grow: 0; margin-right: 14px; margin-left: 2px;\"><\/div>\n<div style=\"background-color: #f4f4f4; border-radius: 50%; height: 12.5px; width: 12.5px; transform: translateX(9px) translateY(-18px);\"><\/div>\n<\/div>\n<div style=\"margin-left: 8px;\">\n<div style=\"background-color: #f4f4f4; border-radius: 50%; flex-grow: 0; height: 20px; width: 20px;\"><\/div>\n<div style=\"width: 0; height: 0; border-top: 2px solid transparent; border-left: 6px solid #f4f4f4; border-bottom: 2px solid transparent; transform: translateX(16px) translateY(-4px) rotate(30deg);\"><\/div>\n<\/div>\n<div style=\"margin-left: auto;\">\n<div style=\"width: 0px; border-top: 8px solid #F4F4F4; border-right: 8px solid transparent; transform: translateY(16px);\"><\/div>\n<div style=\"background-color: #f4f4f4; flex-grow: 0; height: 12px; width: 16px; transform: translateY(-4px);\"><\/div>\n<div style=\"width: 0; height: 0; border-top: 8px solid #F4F4F4; border-left: 8px solid transparent; transform: translateY(-4px) translateX(8px);\"><\/div>\n<\/div>\n<\/div>\n<div style=\"display: flex; flex-direction: column; flex-grow: 1; justify-content: center; margin-bottom: 24px;\">\n<div style=\"background-color: #f4f4f4; border-radius: 4px; flex-grow: 0; height: 14px; margin-bottom: 6px; width: 224px;\"><\/div>\n<div style=\"background-color: #f4f4f4; border-radius: 4px; flex-grow: 0; height: 14px; width: 144px;\"><\/div>\n<\/div>\n<p>&nbsp;<\/p>\n<p style=\"color: #c9c8cd; font-family: Arial,sans-serif; font-size: 14px; line-height: 17px; margin-bottom: 0; margin-top: 8px; overflow: hidden; padding: 8px 0 7px; text-align: center; text-overflow: ellipsis; white-space: nowrap;\"><a style=\"color: #c9c8cd; font-family: Arial,sans-serif; font-size: 14px; font-style: normal; font-weight: normal; line-height: 17px; text-decoration: none;\" href=\"https:\/\/www.instagram.com\/tv\/CWleV5rFAds\/?utm_source=ig_embed&amp;utm_campaign=loading\" target=\"_blank\" rel=\"noopener\">Una publicaci\u00f3n compartida por Zach Osborne (@zacho_16)<\/a><\/p>\n<\/div>\n<\/blockquote>\n<p><script async src=\"\/\/www.instagram.com\/embed.js\"><\/script><\/p>\n","protected":false},"excerpt":{"rendered":"<p>Lamentable noticia, de un piloto que todav\u00eda ten\u00eda mucho para dar por su edad. No&#8230;<\/p>\n","protected":false},"author":2,"featured_media":0,"comment_status":"open","ping_status":"open","sticky":false,"template":"","format":"standard","meta":{"om_disable_all_campaigns":false,"_monsterinsights_skip_tracking":false,"_monsterinsights_sitenote_active":false,"_monsterinsights_sitenote_note":"","_monsterinsights_sitenote_category":0,"_uf_show_specific_survey":0,"_uf_disable_surveys":false,"footnotes":""},"categories":[25,30],"tags":[],"class_list":["post-55431","post","type-post","status-publish","format-standard","hentry","category-ama-motocross","category-ama-supercross"],"aioseo_notices":[],"_links":{"self":[{"href":"https:\/\/www.crossprensa.com.ar\/news\/wp-json\/wp\/v2\/posts\/55431","targetHints":{"allow":["GET"]}}],"collection":[{"href":"https:\/\/www.crossprensa.com.ar\/news\/wp-json\/wp\/v2\/posts"}],"about":[{"href":"https:\/\/www.crossprensa.com.ar\/news\/wp-json\/wp\/v2\/types\/post"}],"author":[{"embeddable":true,"href":"https:\/\/www.crossprensa.com.ar\/news\/wp-json\/wp\/v2\/users\/2"}],"replies":[{"embeddable":true,"href":"https:\/\/www.crossprensa.com.ar\/news\/wp-json\/wp\/v2\/comments?post=55431"}],"version-history":[{"count":1,"href":"https:\/\/www.crossprensa.com.ar\/news\/wp-json\/wp\/v2\/posts\/55431\/revisions"}],"predecessor-version":[{"id":55433,"href":"https:\/\/www.crossprensa.com.ar\/news\/wp-json\/wp\/v2\/posts\/55431\/revisions\/55433"}],"wp:attachment":[{"href":"https:\/\/www.crossprensa.com.ar\/news\/wp-json\/wp\/v2\/media?parent=55431"}],"wp:term":[{"taxonomy":"category","embeddable":true,"href":"https:\/\/www.crossprensa.com.ar\/news\/wp-json\/wp\/v2\/categories?post=55431"},{"taxonomy":"post_tag","embeddable":true,"href":"https:\/\/www.crossprensa.com.ar\/news\/wp-json\/wp\/v2\/tags?post=55431"}],"curies":[{"name":"wp","href":"https:\/\/api.w.org\/{rel}","templated":true}]}}