{"id":55426,"date":"2021-11-22T14:09:05","date_gmt":"2021-11-22T17:09:05","guid":{"rendered":"http:\/\/www.crossprensa.com.ar\/news\/?p=55426"},"modified":"2021-11-22T14:09:05","modified_gmt":"2021-11-22T17:09:05","slug":"mini-os-los-argentinos-en-video","status":"publish","type":"post","link":"https:\/\/www.crossprensa.com.ar\/news\/mini-os-los-argentinos-en-video\/mini-os\/","title":{"rendered":"MINI O\u00b4S, LOS ARGENTINOS EN VIDEO!-"},"content":{"rendered":"<p>En un largo trabajo de corte y edici\u00f3n, Ferm\u00edn Guti\u00e9rrez arm\u00f3 un extracto de cada carrera que los pilotos argentinos corrieron en el primer d\u00eda de los Mini O\u00b4s, y aqu\u00ed tienen este resumen de todas las categor\u00edas con presencia nacional.<\/p>\n<p><!--more--><\/p>\n<p><iframe title=\"MINI OS DIA 1 - LAS CARRERAS DE LOS ARGENTINOS!!!\" width=\"640\" height=\"360\" src=\"https:\/\/www.youtube.com\/embed\/6PyH4tJQFyg?feature=oembed\" frameborder=\"0\" allow=\"accelerometer; autoplay; clipboard-write; encrypted-media; gyroscope; picture-in-picture; web-share\" referrerpolicy=\"strict-origin-when-cross-origin\" allowfullscreen><\/iframe><\/p>\n","protected":false},"excerpt":{"rendered":"<p>En un largo trabajo de corte y edici\u00f3n, Ferm\u00edn Guti\u00e9rrez arm\u00f3 un extracto de cada&#8230;<\/p>\n","protected":false},"author":2,"featured_media":0,"comment_status":"open","ping_status":"open","sticky":false,"template":"","format":"standard","meta":{"om_disable_all_campaigns":false,"_monsterinsights_skip_tracking":false,"_monsterinsights_sitenote_active":false,"_monsterinsights_sitenote_note":"","_monsterinsights_sitenote_category":0,"_uf_show_specific_survey":0,"_uf_disable_surveys":false,"footnotes":""},"categories":[95],"tags":[],"class_list":["post-55426","post","type-post","status-publish","format-standard","hentry","category-mini-os"],"aioseo_notices":[],"_links":{"self":[{"href":"https:\/\/www.crossprensa.com.ar\/news\/wp-json\/wp\/v2\/posts\/55426","targetHints":{"allow":["GET"]}}],"collection":[{"href":"https:\/\/www.crossprensa.com.ar\/news\/wp-json\/wp\/v2\/posts"}],"about":[{"href":"https:\/\/www.crossprensa.com.ar\/news\/wp-json\/wp\/v2\/types\/post"}],"author":[{"embeddable":true,"href":"https:\/\/www.crossprensa.com.ar\/news\/wp-json\/wp\/v2\/users\/2"}],"replies":[{"embeddable":true,"href":"https:\/\/www.crossprensa.com.ar\/news\/wp-json\/wp\/v2\/comments?post=55426"}],"version-history":[{"count":1,"href":"https:\/\/www.crossprensa.com.ar\/news\/wp-json\/wp\/v2\/posts\/55426\/revisions"}],"predecessor-version":[{"id":55428,"href":"https:\/\/www.crossprensa.com.ar\/news\/wp-json\/wp\/v2\/posts\/55426\/revisions\/55428"}],"wp:attachment":[{"href":"https:\/\/www.crossprensa.com.ar\/news\/wp-json\/wp\/v2\/media?parent=55426"}],"wp:term":[{"taxonomy":"category","embeddable":true,"href":"https:\/\/www.crossprensa.com.ar\/news\/wp-json\/wp\/v2\/categories?post=55426"},{"taxonomy":"post_tag","embeddable":true,"href":"https:\/\/www.crossprensa.com.ar\/news\/wp-json\/wp\/v2\/tags?post=55426"}],"curies":[{"name":"wp","href":"https:\/\/api.w.org\/{rel}","templated":true}]}}