{"id":55370,"date":"2021-11-19T16:48:20","date_gmt":"2021-11-19T19:48:20","guid":{"rendered":"http:\/\/www.crossprensa.com.ar\/news\/?p=55370"},"modified":"2021-11-19T17:47:18","modified_gmt":"2021-11-19T20:47:18","slug":"mini-os-todo-preparado","status":"publish","type":"post","link":"https:\/\/www.crossprensa.com.ar\/news\/mini-os-todo-preparado\/ama-motocross\/","title":{"rendered":"MINI \u00b4Os, TODO PREPARADO!"},"content":{"rendered":"<p>Comienza la acci\u00f3n este S\u00e1bado para el SUPERCROSS de Mini \u00b4Os en USA, con los entrenamientos para todas las categor\u00edas. Aqu\u00ed tienen el orden de ingreso a la pista de las 34 categor\u00edas que estar\u00e1n participando, y que tendr\u00e1n con toda la acci\u00f3n en Crossprensa!<\/p>\n<p><!--more--><\/p>\n<p>Desde las 13 Hs. de Argentina, tendremos pista abierta y saber como les va a todos los pilotos argentinos que estar\u00e1n participando!<\/p>\n<p>Se est\u00e1n registrando hoy las inscripciones finales, y son cientos y cientos de corredores que buscan hacerse un lugar en una carrera ENORME!!!<\/p>\n<p><img fetchpriority=\"high\" decoding=\"async\" class=\"alignnone wp-image-55373 size-full\" src=\"http:\/\/www.crossprensa.com.ar\/news\/wp-content\/uploads\/2021\/11\/IMG_2500418_0831537.jpg\" alt=\"\" width=\"1600\" height=\"900\" \/><\/p>\n<p><a href=\"https:\/\/www.instagram.com\/alpesracing\/\"><img decoding=\"async\" class=\"alignnone wp-image-55383 size-full\" src=\"http:\/\/www.crossprensa.com.ar\/news\/wp-content\/uploads\/2021\/11\/Sin-t\u00edtulo-7068-2.jpg\" alt=\"\" width=\"14174\" height=\"1182\" \/><\/a><\/p>\n<p><img decoding=\"async\" src=\"https:\/\/scontent.fros8-1.fna.fbcdn.net\/v\/t39.30808-6\/246399650_4469123849823497_3666401805103189599_n.jpg?_nc_cat=102&amp;ccb=1-5&amp;_nc_sid=8bfeb9&amp;_nc_eui2=AeHIgHOZZBp-drGhoKNLWTeGf1BLVnj_SP9_UEtWeP9I_w1lVpsHL167x_BGeGvPAPhKLAjcoT_6yCeVzvFDfiLO&amp;_nc_ohc=-dZgtMDI25cAX93A8ks&amp;_nc_ht=scontent.fros8-1.fna&amp;oh=8a7c731d7bec5c508ccdad6c134baaad&amp;oe=619DD167\" alt=\"Puede ser una imagen de moto, al aire libre y texto\" \/><\/p>\n","protected":false},"excerpt":{"rendered":"<p>Comienza la acci\u00f3n este S\u00e1bado para el SUPERCROSS de Mini \u00b4Os en USA, con los&#8230;<\/p>\n","protected":false},"author":2,"featured_media":0,"comment_status":"open","ping_status":"open","sticky":false,"template":"","format":"standard","meta":{"om_disable_all_campaigns":false,"_monsterinsights_skip_tracking":false,"_monsterinsights_sitenote_active":false,"_monsterinsights_sitenote_note":"","_monsterinsights_sitenote_category":0,"_uf_show_specific_survey":0,"_uf_disable_surveys":false,"footnotes":""},"categories":[25,95],"tags":[],"class_list":["post-55370","post","type-post","status-publish","format-standard","hentry","category-ama-motocross","category-mini-os"],"aioseo_notices":[],"_links":{"self":[{"href":"https:\/\/www.crossprensa.com.ar\/news\/wp-json\/wp\/v2\/posts\/55370","targetHints":{"allow":["GET"]}}],"collection":[{"href":"https:\/\/www.crossprensa.com.ar\/news\/wp-json\/wp\/v2\/posts"}],"about":[{"href":"https:\/\/www.crossprensa.com.ar\/news\/wp-json\/wp\/v2\/types\/post"}],"author":[{"embeddable":true,"href":"https:\/\/www.crossprensa.com.ar\/news\/wp-json\/wp\/v2\/users\/2"}],"replies":[{"embeddable":true,"href":"https:\/\/www.crossprensa.com.ar\/news\/wp-json\/wp\/v2\/comments?post=55370"}],"version-history":[{"count":5,"href":"https:\/\/www.crossprensa.com.ar\/news\/wp-json\/wp\/v2\/posts\/55370\/revisions"}],"predecessor-version":[{"id":55385,"href":"https:\/\/www.crossprensa.com.ar\/news\/wp-json\/wp\/v2\/posts\/55370\/revisions\/55385"}],"wp:attachment":[{"href":"https:\/\/www.crossprensa.com.ar\/news\/wp-json\/wp\/v2\/media?parent=55370"}],"wp:term":[{"taxonomy":"category","embeddable":true,"href":"https:\/\/www.crossprensa.com.ar\/news\/wp-json\/wp\/v2\/categories?post=55370"},{"taxonomy":"post_tag","embeddable":true,"href":"https:\/\/www.crossprensa.com.ar\/news\/wp-json\/wp\/v2\/tags?post=55370"}],"curies":[{"name":"wp","href":"https:\/\/api.w.org\/{rel}","templated":true}]}}