{"id":5527,"date":"2014-11-05T19:24:57","date_gmt":"2014-11-05T22:24:57","guid":{"rendered":"http:\/\/www.crossprensa.com.ar\/news\/?p=5527"},"modified":"2014-11-06T14:54:01","modified_gmt":"2014-11-06T17:54:01","slug":"no-me-voy-a-morir-como-pujol","status":"publish","type":"post","link":"https:\/\/www.crossprensa.com.ar\/news\/no-me-voy-a-morir-como-pujol\/historia\/","title":{"rendered":"No me voy a morir como Pujol."},"content":{"rendered":"<p style=\"text-align: justify;\">T\u00edtulo raro para el d\u00eda del cumple 52, pero esa frase se la dije un d\u00eda a David Caramella hablando de nuestro trabajo y hoy la subrayo con rojo.<\/p>\n<p style=\"text-align: justify;\">Muchos a\u00f1os peleando por este deporte y por ganar un lugar. NUNCA a los codazos como se estila hace un tiempo y mucho menos vendiendo mi opini\u00f3n, siempre con trabajo y mucho esfuerzo. Pero cuando una vez en Catamarca, el querido Juanca Pujol (Ya enfermo y complicado), me dijo: &#8220;Pampero, vos vas a ser mi sucesor&#8230;&#8221; se me hinch\u00f3 el pecho de orgullo, y es una historia larga para contar y entender un poco a Crossprensa.<\/p>\n<p style=\"text-align: justify;\"><!--more--><\/p>\n<p style=\"text-align: justify;\">El tema periodismo lo empec\u00e9 en 1985, debutando nada menos que en el Mundial de Motocross en ese a\u00f1o&#8230; Segu\u00eda corriendo a\u00fan, pero ya se me daba por escribir y describir lo que era este deporte, pero sin darme cuenta donde llegar\u00eda tantos a\u00f1os despu\u00e9s pero con la pasi\u00f3n tan fogosa como ahora, porque hac\u00eda cualquier cosa por estar en las carreras. Pedir plata prestada, trabajar de lo que sea, manguearle a mis viejos o mis abuelos, y all\u00e1 iba el Valiant III a todos lados. Hasta escaparme de la III Brigada A\u00e9rea donde prestaba servicio en la Fuerza A\u00e9rea, para irme a correr y volver &#8220;escondiendo abolladuras&#8221;&#8230;<\/p>\n<p style=\"text-align: justify;\">52 no son pocos, y no tantos&#8230; Pero puede ser uno m\u00e1s, o uno menos depende de como se mire. Yo sumo uno mas de experiencia en esta carrera de la vida profesional donde por mas que corran, no pueden alcanzar los a\u00f1os vividos y las experiencias que les contamos siempre para hacerlo de manera did\u00e1ctica y con esta bendici\u00f3n de internet que no se pierda nada de nuestra historia motocross\u00edstica.<\/p>\n<p style=\"text-align: justify;\">Porqu\u00e9 el titulo dir\u00e1n Uds?, les explico muy cortito. Juan Carlos Pujol fue en \u00e9pocas de tel\u00e9fono con cable, teletipos y m\u00e1quina de escribir, EL periodista del Motocross Argentino, No conoci\u00f3 las m\u00e1quinas digitales pero sus fotos estaban en todos lados. Querido y respetado, con un car\u00e1cter particular y una marcada forma porte\u00f1a de ser que en esos a\u00f1os de cero tecnologia salvo radio y tv con antena, se marcaba a\u00fan mas en lo que a\u00fan se llama &#8220;el interior&#8221; (Como si Bs. As. fuese &#8220;el exterior&#8221;.).<\/p>\n<p style=\"text-align: justify;\">Siempre lo mir\u00e9, luego lo admir\u00e9 y envidi\u00e9 porque entend\u00ed porqu\u00e9 lo saludaban y hablaban familiarmente con \u00e9l Claudio Pesce, Diego Grasiozi, Jorge del Viso, Onyczyck, Lagrotter\u00eda, Soppelsa, Perez, Regunaschi, Salzmann, Allu\u00e9, Campbell&#8230; Y entend\u00ed tambi\u00e9n que ser piloto de mi nivel nunca me llevar\u00eda a eso, o que me hablaran en la pista, salvo para decirme CORREEEETEEEE!!! cuando me sacaban la vuelta.<\/p>\n<p style=\"text-align: justify;\">Lo ve\u00eda a Pujol comer con los equipos (porque no ten\u00eda donde o que comer a veces), lo ve\u00eda en los camiones de los equipos (porque a veces no ten\u00eda donde dormir), y lo ve\u00eda agradecer mucho si alguien le regalaba un vino, un queso, un fiambre (porque esa semana iba a tener algo que comer sin gastar la poca plata que le pagaban).<\/p>\n<p style=\"text-align: justify;\">Me hice periodista, relat\u00e9 y compart\u00ed micr\u00f3fono con \u00e9l. Un orgullo, una emoci\u00f3n, unas ganas de que ese domingo no terminara mas!!! hasta que una vez, en Los C\u00f3ndores (Cba), el sentado sobre la Zanella Patagonia que le dio la empresa para viajar, me dijo claro y conciso: &#8220;Esto no es f\u00e1cil, le pongo trabajo y empe\u00f1o, pero no alcanza&#8230; no se puede vivir de esto.&#8221; Y casi que no le cre\u00ed.<\/p>\n<p style=\"text-align: justify;\">Aqu\u00ed un video de Supercross con J.C. Pujol present\u00e1ndolo<\/p>\n<p style=\"text-align: justify;\">\n<object width=\"620\" height=\"400\">\n<param name=\"movie\" value=\"http:\/\/www.youtube.com\/v\/SFRqpiMLypY?version=3&amp;showinfo=0&amp;theme=light&amp;fs=0&amp;rel=0&amp;iv_load_policy=3&amp;modestbranding=1\"><\/param>\n<param name=\"allowScriptAccess\" value=\"always\"><\/param>\n<embed src=\"http:\/\/www.youtube.com\/v\/SFRqpiMLypY?version=3&amp;showinfo=0&amp;theme=light&amp;fs=0&amp;rel=0&amp;iv_load_policy=3&amp;modestbranding=1\" type=\"application\/x-shockwave-flash\" allowScriptAccess=\"always\" width=\"620\" height=\"400\"><\/embed>\n<\/object>\n<\/p>\n<p style=\"text-align: justify;\">Hasta que me toc\u00f3 llegar, y comprobar cada cosa que me hab\u00eda contado: Las falsedades, las broncas, tambi\u00e9n las alegr\u00edas y la buena gente. Era todo cierto. Los que te palmean la espalda cuando ten\u00e9s el micr\u00f3fono en la mano, y los que te patean el culo cuando no lo ten\u00e9s mas. Los malos que te prometen algo que saben que no van a cumplir nunca y los buenos que te dan la mano porque saben que solo pueden decirte gracias porque no les alcanza el presupuesto. Pero est\u00e1n los otros, los que si prometen y cumplen, los que como Uds. entusiasman d\u00eda a dia para seguir, y para poder estar en cada lugar, en cada carrera, con cada piloto.<\/p>\n<p style=\"text-align: justify;\">Este pedazo de un verso de V\u00edctor Heredia del tema EL VIEJO MAT\u00cdAS, casi describi\u00f3 lo que sent\u00ed cuando me enter\u00e9 que se enferm\u00f3:<\/p>\n<blockquote>\n<p style=\"text-align: justify;\"><em><strong>\u00a0<span style=\"color: #606060;\">La lluvia y el viento eran dos hermanos corriendo furiosos, por el terrapl\u00e9n, y en un banco obscuro, mojado y mugriento \u00e9l se acomodaba, su uniforme gris.<\/span><\/strong><\/em><\/p>\n<\/blockquote>\n<p style=\"text-align: justify;\">Y esa sensaci\u00f3n tuve cuando el hijo de Pujol, Robertino me dijo:<\/p>\n<blockquote>\n<p style=\"text-align: justify;\"><em><strong>Pampero, sab\u00e9s cuantos \u00e9ramos en el velorio de mi viejo&#8230;? seis.<\/strong><\/em><\/p>\n<\/blockquote>\n<p style=\"text-align: justify;\">Y duele, porque levantaste a tantos pilotos en las carreras, hiciste aplaudir tanto p\u00fablico, hiciste docencia hasta sin quererlo contando TODO de cada corredor de Motocross en Argentina. Y que poco te lo reconocieron en vida, y ahora menos. Por eso hoy que es mi cumplea\u00f1os quiero regalarme un reconocimiento hacia vos y al deporte, porque lo que vos empezaste yo lo voy a terminar, pero todav\u00eda no design\u00e9 sucesor Juan. Me quedan (creo) varios a\u00f1os para hacer eso que dijo Miguelito alguna vez: Una pulga no puede picar una locomotora, pero puede llenar de ronchas al maquinista!<\/p>\n<p style=\"text-align: justify;\">Y no me voy a morir como vos, porque me voy a acordar cada d\u00eda de vos y pelear para que la dignificaci\u00f3n y el reconocimiento de nuestro trabajo, de lo que lo hacemos en serio y con pasi\u00f3n, tenga un lugar ganado y merecido. Crossprensa es eso, un lugar ganado en el coraz\u00f3n de cada apasionado por este bendito deporte y eso no tiene precio ni medida flaco. Pero en tu \u00e9poca no hab\u00eda internet. Hoy quiz\u00e1s alguno te recuerde, quiz\u00e1s alguno te conozca por primera vez. Para m\u00ed, segu\u00eds siendo el maestro.<\/p>\n<p style=\"text-align: justify;\">Pampero.<\/p>\n","protected":false},"excerpt":{"rendered":"<p>T\u00edtulo raro para el d\u00eda del cumple 52, pero esa frase se la dije un&#8230;<\/p>\n","protected":false},"author":2,"featured_media":0,"comment_status":"open","ping_status":"open","sticky":false,"template":"","format":"standard","meta":{"om_disable_all_campaigns":false,"_monsterinsights_skip_tracking":false,"_monsterinsights_sitenote_active":false,"_monsterinsights_sitenote_note":"","_monsterinsights_sitenote_category":0,"_uf_show_specific_survey":0,"_uf_disable_surveys":false,"footnotes":""},"categories":[13],"tags":[6],"class_list":["post-5527","post","type-post","status-publish","format-standard","hentry","category-historia","tag-text"],"aioseo_notices":[],"_links":{"self":[{"href":"https:\/\/www.crossprensa.com.ar\/news\/wp-json\/wp\/v2\/posts\/5527","targetHints":{"allow":["GET"]}}],"collection":[{"href":"https:\/\/www.crossprensa.com.ar\/news\/wp-json\/wp\/v2\/posts"}],"about":[{"href":"https:\/\/www.crossprensa.com.ar\/news\/wp-json\/wp\/v2\/types\/post"}],"author":[{"embeddable":true,"href":"https:\/\/www.crossprensa.com.ar\/news\/wp-json\/wp\/v2\/users\/2"}],"replies":[{"embeddable":true,"href":"https:\/\/www.crossprensa.com.ar\/news\/wp-json\/wp\/v2\/comments?post=5527"}],"version-history":[{"count":6,"href":"https:\/\/www.crossprensa.com.ar\/news\/wp-json\/wp\/v2\/posts\/5527\/revisions"}],"predecessor-version":[{"id":5617,"href":"https:\/\/www.crossprensa.com.ar\/news\/wp-json\/wp\/v2\/posts\/5527\/revisions\/5617"}],"wp:attachment":[{"href":"https:\/\/www.crossprensa.com.ar\/news\/wp-json\/wp\/v2\/media?parent=5527"}],"wp:term":[{"taxonomy":"category","embeddable":true,"href":"https:\/\/www.crossprensa.com.ar\/news\/wp-json\/wp\/v2\/categories?post=5527"},{"taxonomy":"post_tag","embeddable":true,"href":"https:\/\/www.crossprensa.com.ar\/news\/wp-json\/wp\/v2\/tags?post=5527"}],"curies":[{"name":"wp","href":"https:\/\/api.w.org\/{rel}","templated":true}]}}