{"id":55211,"date":"2021-11-09T13:36:42","date_gmt":"2021-11-09T16:36:42","guid":{"rendered":"http:\/\/www.crossprensa.com.ar\/news\/?p=55211"},"modified":"2021-11-09T13:39:15","modified_gmt":"2021-11-09T16:39:15","slug":"ama-motocross-calendario-2022","status":"publish","type":"post","link":"https:\/\/www.crossprensa.com.ar\/news\/ama-motocross-calendario-2022\/ama-motocross\/","title":{"rendered":"AMA MOTOCROSS: CALENDARIO 2022!"},"content":{"rendered":"<p>MX Sports Pro Racing ha presentado el calendario de 12 carreras para el hist\u00f3rico 50 aniversario del\u00a0<a href=\"https:\/\/promotocross.us7.list-manage.com\/track\/click?u=98c37f2e5c171e2f47a3c383d&amp;id=1159620a28&amp;e=96c4e50feb\" target=\"_blank\" rel=\"noopener noreferrer\" data-auth=\"NotApplicable\" data-linkindex=\"5\">Lucas Oil Pro Motocross Championship<\/a>\u00a0, fiscalizado por AMA Pro Racing.\u00a0La \u201cTemporada Dorada\u201d de 2022 de la serie de supercross m\u00e1s prestigiosa del mundo comenzar\u00e1 y concluir\u00e1 durante los fines de semana festivos que significan el proverbial comienzo y final del verano, comenzando con el D\u00eda de los Ca\u00eddos en mayo y terminando el D\u00eda del Trabajo. en septiembre.<\/p>\n<p><!--more--><\/p>\n<table class=\"x_mcnTextBlock\" border=\"0\" width=\"100%\" cellspacing=\"0\" cellpadding=\"0\">\n<tbody class=\"x_mcnTextBlockOuter\">\n<tr>\n<td class=\"x_mcnTextBlockInner\" valign=\"top\">\n<table class=\"x_mcnTextContentContainer\" border=\"0\" width=\"100%\" cellspacing=\"0\" cellpadding=\"0\" align=\"left\">\n<tbody>\n<tr>\n<td class=\"x_mcnTextContent\" valign=\"top\">\n<div>&#8220;Esta es posiblemente la temporada m\u00e1s importante en la historia del motocross estadounidense&#8221;, dijo Davey Coombs, presidente de MX Sports Pro Racing.\u00a0\u201cSi hemos aprendido algo en los \u00faltimos dos a\u00f1os es que no se da nada, pero a trav\u00e9s de tanta incertidumbre, nuestro deporte ha seguido brindando alegr\u00eda, emoci\u00f3n y un drama irresistible a quienes comparten la pasi\u00f3n por el deporte.\u00a0Con nuestro 50 aniversario al llegar, esperamos comenzar lo que se siente como una nueva era y un nuevo comienzo para el Lucas Oil Pro Motocross Championship.\u00a0Uno que ver\u00e1 un regreso a los estadios llenos de fan\u00e1ticos y el tipo de atm\u00f3sfera cercana y personal que ha permitido que nuestro deporte sea independiente en t\u00e9rminos de accesibilidad &#8220;.<\/div>\n<\/td>\n<\/tr>\n<\/tbody>\n<\/table>\n<\/td>\n<\/tr>\n<\/tbody>\n<\/table>\n<table class=\"x_mcnImageCardBlock\" border=\"0\" width=\"100%\" cellspacing=\"0\" cellpadding=\"0\">\n<tbody class=\"x_mcnImageCardBlockOuter\">\n<tr>\n<td class=\"x_mcnImageCardBlockInner\" valign=\"top\">\n<table class=\"x_mcnImageCardBottomContent\" border=\"0\" width=\"100%\" cellspacing=\"0\" cellpadding=\"0\" align=\"right\">\n<tbody>\n<tr>\n<td class=\"x_mcnImageCardBottomImageContent\" align=\"center\" valign=\"top\"><a class=\"\" title=\"Calendario del campeonato de motocross Lucas Oil Pro 2022\" href=\"https:\/\/promotocross.us7.list-manage.com\/track\/click?u=98c37f2e5c171e2f47a3c383d&amp;id=62c6fad221&amp;e=96c4e50feb\" target=\"_blank\" rel=\"noopener noreferrer\" data-auth=\"NotApplicable\" data-linkindex=\"6\"><img decoding=\"async\" class=\"x_mcnImage\" src=\"https:\/\/mcusercontent.com\/98c37f2e5c171e2f47a3c383d\/video_thumbnails_new\/cf92b06dcefc504822fee89365098b06.png\" alt=\"\" width=\"564\" data-imagetype=\"External\" \/><\/a><\/td>\n<\/tr>\n<tr>\n<td class=\"x_mcnTextContent\" valign=\"top\" width=\"546\">Presentaci\u00f3n del calendario del campeonato de motocross Lucas Oil Pro del 50 aniversario<\/td>\n<\/tr>\n<\/tbody>\n<\/table>\n<\/td>\n<\/tr>\n<\/tbody>\n<\/table>\n<p><a href=\"https:\/\/www.instagram.com\/mxgstore\/?hl=en\"><img fetchpriority=\"high\" decoding=\"async\" class=\"alignnone wp-image-55125 size-full\" src=\"http:\/\/www.crossprensa.com.ar\/news\/wp-content\/uploads\/2021\/11\/Sin-t\u00edtulo-7066.jpg\" alt=\"\" width=\"1203\" height=\"103\" \/><\/a><\/p>\n<table class=\"x_mcnTextBlock\" border=\"0\" width=\"100%\" cellspacing=\"0\" cellpadding=\"0\">\n<tbody class=\"x_mcnTextBlockOuter\">\n<tr>\n<td class=\"x_mcnTextBlockInner\" valign=\"top\">\n<table class=\"x_mcnTextContentContainer\" border=\"0\" width=\"100%\" cellspacing=\"0\" cellpadding=\"0\" align=\"left\">\n<tbody>\n<tr>\n<td class=\"x_mcnTextContent\" valign=\"top\">\n<div>\n<p>El campeonato de 12 fechas recorrer\u00e1 una vez m\u00e1s 10 estados diferentes en su viaje para coronar a un par de Campeones Nacionales AMA, extendiendo el legado de los lugares con m\u00e1s historia del mundo en la quinta d\u00e9cada de la serie.\u00a0La batalla por las Copas Edison Dye y Gary Jones comenzar\u00e1 en un lugar familiar, el 28 de mayo, desde el coraz\u00f3n de la industria en el sur de California por la\u00a0<a href=\"https:\/\/promotocross.us7.list-manage.com\/track\/click?u=98c37f2e5c171e2f47a3c383d&amp;id=49fb86c996&amp;e=96c4e50feb\" target=\"_blank\" rel=\"noopener noreferrer\" data-auth=\"NotApplicable\" data-linkindex=\"7\">Fox Raceway I National<\/a>\u00a0.<br aria-hidden=\"true\" \/>\u00a0<br aria-hidden=\"true\" \/>El primer mes de la temporada tambi\u00e9n contar\u00e1 con el ic\u00f3nico\u00a0<a href=\"https:\/\/promotocross.us7.list-manage.com\/track\/click?u=98c37f2e5c171e2f47a3c383d&amp;id=5b86e35355&amp;e=96c4e50feb\" target=\"_blank\" rel=\"noopener noreferrer\" data-auth=\"NotApplicable\" data-linkindex=\"8\">Hangtown Motocross Classic<\/a>\u00a0, el 4 de junio, en el norte de California, seguido de la visita anual de una milla de altura a Colorado el 11 de junio para el\u00a0<a href=\"https:\/\/promotocross.us7.list-manage.com\/track\/click?u=98c37f2e5c171e2f47a3c383d&amp;id=5a25fdb2aa&amp;e=96c4e50feb\" target=\"_blank\" rel=\"noopener noreferrer\" data-auth=\"NotApplicable\" data-linkindex=\"9\">Thunder Valley National<\/a>\u00a0.\u00a0La tradici\u00f3n del d\u00eda del padre del deporte en el\u00a0<a href=\"https:\/\/promotocross.us7.list-manage.com\/track\/click?u=98c37f2e5c171e2f47a3c383d&amp;id=001af67976&amp;e=96c4e50feb\" target=\"_blank\" rel=\"noopener noreferrer\" data-auth=\"NotApplicable\" data-linkindex=\"10\">High Point National<\/a>significar\u00e1 la primera carrera de la costa este el 18 de junio en Pensilvania.<br aria-hidden=\"true\" \/>\u00a0<br aria-hidden=\"true\" \/>Despu\u00e9s del primero de dos descansos en acci\u00f3n durante el transcurso de la temporada, los pilotos m\u00e1s r\u00e1pidos del mundo regresar\u00e1n a la pista el 2 de julio para una de las tradiciones del D\u00eda de la Independencia m\u00e1s importantes en todos los deportes, el\u00a0<a href=\"https:\/\/promotocross.us7.list-manage.com\/track\/click?u=98c37f2e5c171e2f47a3c383d&amp;id=4448f072b4&amp;e=96c4e50feb\" target=\"_blank\" rel=\"noopener noreferrer\" data-auth=\"NotApplicable\" data-linkindex=\"11\">RedBud National<\/a>\u00a0en Michigan.\u00a0La mitad de la temporada 2022 descender\u00e1 sobre las famosas arenas de The Wick 338 de Massachusetts para el\u00a0<a href=\"https:\/\/promotocross.us7.list-manage.com\/track\/click?u=98c37f2e5c171e2f47a3c383d&amp;id=c5776dd973&amp;e=96c4e50feb\" target=\"_blank\" rel=\"noopener noreferrer\" data-auth=\"NotApplicable\" data-linkindex=\"12\">Southwick National<\/a>\u00a0, el 9 de julio, mientras que la segunda mitad del campeonato comienza el 16 de julio en Minnesota con el\u00a0<a href=\"https:\/\/promotocross.us7.list-manage.com\/track\/click?u=98c37f2e5c171e2f47a3c383d&amp;id=e91c4c989d&amp;e=96c4e50feb\" target=\"_blank\" rel=\"noopener noreferrer\" data-auth=\"NotApplicable\" data-linkindex=\"13\">Spring Creek National<\/a>\u00a0.\u00a0Un segundo cuarteto de eventos concluir\u00e1 con un regreso al oeste el 23 de julio, donde el pintoresco noroeste del Pac\u00edfico es el hogar del\u00a0<a href=\"https:\/\/promotocross.us7.list-manage.com\/track\/click?u=98c37f2e5c171e2f47a3c383d&amp;id=f5a2666bfb&amp;e=96c4e50feb\" target=\"_blank\" rel=\"noopener noreferrer\" data-auth=\"NotApplicable\" data-linkindex=\"14\">Washougal National<\/a>\u00a0.<br aria-hidden=\"true\" \/>\u00a0<br aria-hidden=\"true\" \/>La \u00faltima pausa del campeonato en acci\u00f3n preceder\u00e1 a un tramo de cuatro carreras para finalizar la temporada, que comenzar\u00e1 el 13 de agosto con el legendario\u00a0<a href=\"https:\/\/promotocross.us7.list-manage.com\/track\/click?u=98c37f2e5c171e2f47a3c383d&amp;id=e03d9568e6&amp;e=96c4e50feb\" target=\"_blank\" rel=\"noopener noreferrer\" data-auth=\"NotApplicable\" data-linkindex=\"15\">Unadilla National de<\/a>\u00a0Nueva York\u00a0.\u00a0Un viaje a las afueras de la capital de la naci\u00f3n espera el 20 de agosto con el\u00a0<a href=\"https:\/\/promotocross.us7.list-manage.com\/track\/click?u=98c37f2e5c171e2f47a3c383d&amp;id=54b78f28fa&amp;e=96c4e50feb\" target=\"_blank\" rel=\"noopener noreferrer\" data-auth=\"NotApplicable\" data-linkindex=\"16\">Budds Creek National<\/a>\u00a0en el sur de Maryland, seguido de la pen\u00faltima ronda el 27 de agosto en Indiana, enloquecida por los deportes de motor, para el\u00a0<a href=\"https:\/\/promotocross.us7.list-manage.com\/track\/click?u=98c37f2e5c171e2f47a3c383d&amp;id=c1d232e930&amp;e=96c4e50feb\" target=\"_blank\" rel=\"noopener noreferrer\" data-auth=\"NotApplicable\" data-linkindex=\"17\">Ironman National<\/a>\u00a0.\u00a0El verano llegar\u00e1 a su fin donde comenz\u00f3, en el sur de California, el 3 de septiembre con el\u00a0<a href=\"https:\/\/promotocross.us7.list-manage.com\/track\/click?u=98c37f2e5c171e2f47a3c383d&amp;id=3234381070&amp;e=96c4e50feb\" target=\"_blank\" rel=\"noopener noreferrer\" data-auth=\"NotApplicable\" data-linkindex=\"18\">Fox Raceway II National<\/a>\u00a0.<\/p>\n<\/div>\n<\/td>\n<\/tr>\n<\/tbody>\n<\/table>\n<\/td>\n<\/tr>\n<\/tbody>\n<\/table>\n<p><a href=\"https:\/\/www.instagram.com\/kawasaki.pizzuti\/?hl=en\"><img decoding=\"async\" class=\"alignnone wp-image-54605 size-full\" src=\"http:\/\/www.crossprensa.com.ar\/news\/wp-content\/uploads\/2021\/09\/Sin-t\u00edtulo-7060.jpg\" alt=\"\" width=\"1592\" height=\"171\" \/><\/a><\/p>\n<table class=\"x_mcnCaptionBlock\" border=\"0\" width=\"100%\" cellspacing=\"0\" cellpadding=\"0\">\n<tbody class=\"x_mcnCaptionBlockOuter\">\n<tr>\n<td class=\"x_mcnCaptionBlockInner\" valign=\"top\">\n<table class=\"x_mcnCaptionBottomContent\" border=\"0\" cellspacing=\"0\" cellpadding=\"0\" align=\"left\">\n<tbody>\n<tr>\n<td class=\"x_mcnCaptionBottomImageContent\" align=\"center\" valign=\"top\"><img decoding=\"async\" class=\"x_mcnImage\" src=\"https:\/\/mcusercontent.com\/98c37f2e5c171e2f47a3c383d\/images\/466f5d0e-8021-e96a-9593-a3d8d0a166a1.jpg\" alt=\"\" width=\"564\" data-imagetype=\"External\" \/><\/td>\n<\/tr>\n<tr>\n<td class=\"x_mcnTextContent\" valign=\"top\" width=\"564\">\n<div><em>La temporada comenzar\u00e1 y terminar\u00e1 en el coraz\u00f3n de la industria<br aria-hidden=\"true\" \/>del\u00a0motocross\u00a0del sur de California, desde Fox Raceway en Pala.<\/em><br aria-hidden=\"true\" \/><em>Foto: Align Media<\/em><\/div>\n<\/td>\n<\/tr>\n<\/tbody>\n<\/table>\n<\/td>\n<\/tr>\n<\/tbody>\n<\/table>\n<table class=\"x_mcnTextBlock\" border=\"0\" width=\"100%\" cellspacing=\"0\" cellpadding=\"0\">\n<tbody class=\"x_mcnTextBlockOuter\">\n<tr>\n<td class=\"x_mcnTextBlockInner\" valign=\"top\">\n<table class=\"x_mcnTextContentContainer\" border=\"0\" width=\"100%\" cellspacing=\"0\" cellpadding=\"0\" align=\"left\">\n<tbody>\n<tr>\n<td class=\"x_mcnTextContent\" valign=\"top\">\n<div>Despu\u00e9s de una temporada hist\u00f3rica en la que los ciclistas internacionales capturaron los t\u00edtulos de la Clase 450 y la Clase 250 por primera vez, el franc\u00e9s\u00a0<a href=\"https:\/\/promotocross.us7.list-manage.com\/track\/click?u=98c37f2e5c171e2f47a3c383d&amp;id=fc21de8ced&amp;e=96c4e50feb\" target=\"_blank\" rel=\"noopener noreferrer\" data-auth=\"NotApplicable\" data-linkindex=\"19\">Dylan Ferrandis<\/a>\u00a0y el australiano\u00a0<a href=\"https:\/\/promotocross.us7.list-manage.com\/track\/click?u=98c37f2e5c171e2f47a3c383d&amp;id=5286e41372&amp;e=96c4e50feb\" target=\"_blank\" rel=\"noopener noreferrer\" data-auth=\"NotApplicable\" data-linkindex=\"20\">Jett Lawrence<\/a>\u00a0liderar\u00e1n el camino hacia la campa\u00f1a del 50 aniversario como campeones defensores.\u00a0Este carism\u00e1tico d\u00fao son dos l\u00edderes entre una profundidad de talento sin precedentes que compite actualmente en el motocross estadounidense, lo que prepara el escenario para lo que est\u00e1 a punto de ser un verano memorable digno de una temporada tan hist\u00f3rica.<br aria-hidden=\"true\" \/>\u00a0<br aria-hidden=\"true\" \/>\u201cDurante cinco d\u00e9cadas hemos tenido el privilegio de ver a los mejores talentos de motocross del mundo luchar en la serie de campeonatos m\u00e1s codiciada del deporte aqu\u00ed mismo en suelo estadounidense\u201d, agreg\u00f3 Coombs.\u00a0\u201cLos libros de r\u00e9cords del Lucas Oil Pro Motocross Championship representan un qui\u00e9n es qui\u00e9n de las carreras de motos todoterreno y cuenta la historia del legado pionero de los pilotos, fabricantes y circuitos que ayudaron a convertir a Estados Unidos en\u00a0<em>el<\/em>\u00a0epicentro tanto para aficionados como para profesionales. motocross.\u00a0No podemos esperar a ver qu\u00e9 nos deparan los pr\u00f3ximos 50 a\u00f1os \u201d.<\/div>\n<\/td>\n<\/tr>\n<\/tbody>\n<\/table>\n<\/td>\n<\/tr>\n<\/tbody>\n<\/table>\n<p><a href=\"https:\/\/www.instagram.com\/mdcalcos\/?hl=en\"><img decoding=\"async\" class=\"alignnone wp-image-54597 size-full\" src=\"http:\/\/www.crossprensa.com.ar\/news\/wp-content\/uploads\/2021\/09\/Sin-t\u00edtulo-7052.jpg\" alt=\"\" width=\"1584\" height=\"127\" \/><\/a><\/p>\n<table class=\"x_mcnImageBlock\" border=\"0\" width=\"100%\" cellspacing=\"0\" cellpadding=\"0\">\n<tbody class=\"x_mcnImageBlockOuter\">\n<tr>\n<td class=\"x_mcnImageBlockInner\" valign=\"top\">\n<table class=\"x_mcnImageContentContainer\" border=\"0\" width=\"100%\" cellspacing=\"0\" cellpadding=\"0\" align=\"left\">\n<tbody>\n<tr>\n<td class=\"x_mcnImageContent\" valign=\"top\"><a class=\"\" title=\"\" href=\"https:\/\/promotocross.us7.list-manage.com\/track\/click?u=98c37f2e5c171e2f47a3c383d&amp;id=b0827ed33f&amp;e=96c4e50feb\" target=\"_blank\" rel=\"noopener noreferrer\" data-auth=\"NotApplicable\" data-linkindex=\"21\"><img decoding=\"async\" class=\"x_mcnImage\" src=\"https:\/\/mcusercontent.com\/98c37f2e5c171e2f47a3c383d\/images\/ac54fda8-1061-5922-66bf-6f7ef817e139.png\" alt=\"\" width=\"564\" align=\"center\" data-imagetype=\"External\" \/><\/a><\/td>\n<\/tr>\n<\/tbody>\n<\/table>\n<\/td>\n<\/tr>\n<\/tbody>\n<\/table>\n","protected":false},"excerpt":{"rendered":"<p>MX Sports Pro Racing ha presentado el calendario de 12 carreras para el hist\u00f3rico 50&#8230;<\/p>\n","protected":false},"author":2,"featured_media":55212,"comment_status":"open","ping_status":"open","sticky":false,"template":"","format":"standard","meta":{"om_disable_all_campaigns":false,"_monsterinsights_skip_tracking":false,"_monsterinsights_sitenote_active":false,"_monsterinsights_sitenote_note":"","_monsterinsights_sitenote_category":0,"_uf_show_specific_survey":0,"_uf_disable_surveys":false,"footnotes":""},"categories":[25],"tags":[],"class_list":["post-55211","post","type-post","status-publish","format-standard","has-post-thumbnail","hentry","category-ama-motocross"],"aioseo_notices":[],"_links":{"self":[{"href":"https:\/\/www.crossprensa.com.ar\/news\/wp-json\/wp\/v2\/posts\/55211","targetHints":{"allow":["GET"]}}],"collection":[{"href":"https:\/\/www.crossprensa.com.ar\/news\/wp-json\/wp\/v2\/posts"}],"about":[{"href":"https:\/\/www.crossprensa.com.ar\/news\/wp-json\/wp\/v2\/types\/post"}],"author":[{"embeddable":true,"href":"https:\/\/www.crossprensa.com.ar\/news\/wp-json\/wp\/v2\/users\/2"}],"replies":[{"embeddable":true,"href":"https:\/\/www.crossprensa.com.ar\/news\/wp-json\/wp\/v2\/comments?post=55211"}],"version-history":[{"count":4,"href":"https:\/\/www.crossprensa.com.ar\/news\/wp-json\/wp\/v2\/posts\/55211\/revisions"}],"predecessor-version":[{"id":55216,"href":"https:\/\/www.crossprensa.com.ar\/news\/wp-json\/wp\/v2\/posts\/55211\/revisions\/55216"}],"wp:featuredmedia":[{"embeddable":true,"href":"https:\/\/www.crossprensa.com.ar\/news\/wp-json\/wp\/v2\/media\/55212"}],"wp:attachment":[{"href":"https:\/\/www.crossprensa.com.ar\/news\/wp-json\/wp\/v2\/media?parent=55211"}],"wp:term":[{"taxonomy":"category","embeddable":true,"href":"https:\/\/www.crossprensa.com.ar\/news\/wp-json\/wp\/v2\/categories?post=55211"},{"taxonomy":"post_tag","embeddable":true,"href":"https:\/\/www.crossprensa.com.ar\/news\/wp-json\/wp\/v2\/tags?post=55211"}],"curies":[{"name":"wp","href":"https:\/\/api.w.org\/{rel}","templated":true}]}}