{"id":55042,"date":"2021-10-20T21:34:16","date_gmt":"2021-10-21T00:34:16","guid":{"rendered":"http:\/\/www.crossprensa.com.ar\/news\/?p=55042"},"modified":"2021-10-20T21:34:16","modified_gmt":"2021-10-21T00:34:16","slug":"plessinger-firmo-por-ktm-hasta-2023","status":"publish","type":"post","link":"https:\/\/www.crossprensa.com.ar\/news\/plessinger-firmo-por-ktm-hasta-2023\/ama-motocross\/","title":{"rendered":"PLESSINGER FIRM\u00d3 POR KTM HASTA 2023"},"content":{"rendered":"<p><span>El equipo Red Bull KTM Factory Racing se complace en anunciar el fichaje del favorito de los fan\u00e1ticos Aaron Plessinger para competir a bordo de la KTM 450 SX-F FACTORY EDITION en los campeonatos AMA Supercross y Pro Motocross.\u00a0<\/span><span>Despu\u00e9s de firmar un contrato de dos a\u00f1os, Plessinger permanecer\u00e1 con el equipo hasta la temporada 2023 y su tan esperado debut tendr\u00e1 lugar en la primera fecha de Anaheim SX el s\u00e1bado 8 de enero en Anaheim, California.<\/span><\/p>\n<p><!--more--><\/p>\n<p>Plessinger disfrut\u00f3 de una exitosa carrera en la divisi\u00f3n de 250 cc, incluyendo un campeonato de 250MX en 2018 e innumerables victorias de carreras en ambas series. Desde que se traslad\u00f3 a la divisi\u00f3n premier de 450 cc en 2019, el joven de 25 a\u00f1os ha registrado numerosos resultados entre los 10 primeros, junto con un top cinco en su carrera, y est\u00e1 LISTO PARA COMPETIR por el podio con un programa completamente nuevo en 2022.<\/p>\n<p>Entrenando con el mundialmente conocido Aldon Baker en el complejo de \u00e9lite Baker\u2019s Factory en Florida, Plessinger tambi\u00e9n trabajar\u00e1 junto al mec\u00e1nico Jade Dungey, que se reincorpora a la escuadra Red Bull KTM para su primera temporada junto a AP.<\/p>\n<p><strong>Aaron Plessinger:<\/strong>\u00a0\u00abEstoy muy emocionado por la oportunidad de unirme a Red Bull KTM y trabajar junto a todos los integrantes del equipo de f\u00e1brica. Para ser honesto, estoy muy emocionado por aportar un nuevo ambiente al equipo. De ni\u00f1o montaba mucho con KTM, as\u00ed que estoy deseando volver a mis ra\u00edces y divertirme, pero esta vez sobre la KTM 450 SX-F FACTORY EDITION. Poder entrenar en Baker\u2019s Factory con Aldon Baker, que ha ayudado a formar las carreras de muchos campeones a lo largo de los a\u00f1os, es una oportunidad que no quer\u00eda dejar pasar. Espero poder exprimir mi forma f\u00edsica a nuevos l\u00edmites y perfeccionar mis t\u00e9cnicas de carrera entrenando junto a todos los dem\u00e1s pilotos de alto nivel.\u00bb<\/p>\n","protected":false},"excerpt":{"rendered":"<p>El equipo Red Bull KTM Factory Racing se complace en anunciar el fichaje del favorito&#8230;<\/p>\n","protected":false},"author":2,"featured_media":0,"comment_status":"open","ping_status":"open","sticky":false,"template":"","format":"standard","meta":{"om_disable_all_campaigns":false,"_monsterinsights_skip_tracking":false,"_monsterinsights_sitenote_active":false,"_monsterinsights_sitenote_note":"","_monsterinsights_sitenote_category":0,"_uf_show_specific_survey":0,"_uf_disable_surveys":false,"footnotes":""},"categories":[25,30],"tags":[],"class_list":["post-55042","post","type-post","status-publish","format-standard","hentry","category-ama-motocross","category-ama-supercross"],"aioseo_notices":[],"_links":{"self":[{"href":"https:\/\/www.crossprensa.com.ar\/news\/wp-json\/wp\/v2\/posts\/55042","targetHints":{"allow":["GET"]}}],"collection":[{"href":"https:\/\/www.crossprensa.com.ar\/news\/wp-json\/wp\/v2\/posts"}],"about":[{"href":"https:\/\/www.crossprensa.com.ar\/news\/wp-json\/wp\/v2\/types\/post"}],"author":[{"embeddable":true,"href":"https:\/\/www.crossprensa.com.ar\/news\/wp-json\/wp\/v2\/users\/2"}],"replies":[{"embeddable":true,"href":"https:\/\/www.crossprensa.com.ar\/news\/wp-json\/wp\/v2\/comments?post=55042"}],"version-history":[{"count":1,"href":"https:\/\/www.crossprensa.com.ar\/news\/wp-json\/wp\/v2\/posts\/55042\/revisions"}],"predecessor-version":[{"id":55044,"href":"https:\/\/www.crossprensa.com.ar\/news\/wp-json\/wp\/v2\/posts\/55042\/revisions\/55044"}],"wp:attachment":[{"href":"https:\/\/www.crossprensa.com.ar\/news\/wp-json\/wp\/v2\/media?parent=55042"}],"wp:term":[{"taxonomy":"category","embeddable":true,"href":"https:\/\/www.crossprensa.com.ar\/news\/wp-json\/wp\/v2\/categories?post=55042"},{"taxonomy":"post_tag","embeddable":true,"href":"https:\/\/www.crossprensa.com.ar\/news\/wp-json\/wp\/v2\/tags?post=55042"}],"curies":[{"name":"wp","href":"https:\/\/api.w.org\/{rel}","templated":true}]}}