{"id":54849,"date":"2021-10-06T04:05:21","date_gmt":"2021-10-06T07:05:21","guid":{"rendered":"http:\/\/www.crossprensa.com.ar\/news\/?p=54849"},"modified":"2021-10-06T04:14:30","modified_gmt":"2021-10-06T07:14:30","slug":"eli-tomac-sobre-la-yamaha-video","status":"publish","type":"post","link":"https:\/\/www.crossprensa.com.ar\/news\/eli-tomac-sobre-la-yamaha-video\/ama-motocross\/","title":{"rendered":"ELI TOMAC SOBRE LA YAMAHA! VIDEO."},"content":{"rendered":"<p>\u00a1Es lo que todo el mundo estaba esperando, im\u00e1genes de Eli Tomac en la Yamaha Star Racing! As\u00ed le queda el azul a ET3&#8230; Y falta cada vez menos para verlo en acci\u00f3n sobre la nueva moto.<\/p>\n<p>Todo el AMA SUPERCROSS, como siempre, lo vas a tener en Crossprensa.<\/p>\n<p><!--more--><\/p>\n<p><iframe title=\"New Bike. New Team. Same Goal.\" width=\"640\" height=\"360\" src=\"https:\/\/www.youtube.com\/embed\/G-jMy_HY5Sc?start=1&#038;feature=oembed\" frameborder=\"0\" allow=\"accelerometer; autoplay; clipboard-write; encrypted-media; gyroscope; picture-in-picture; web-share\" referrerpolicy=\"strict-origin-when-cross-origin\" allowfullscreen><\/iframe><\/p>\n","protected":false},"excerpt":{"rendered":"<p>\u00a1Es lo que todo el mundo estaba esperando, im\u00e1genes de Eli Tomac en la Yamaha&#8230;<\/p>\n","protected":false},"author":2,"featured_media":54850,"comment_status":"open","ping_status":"open","sticky":false,"template":"","format":"standard","meta":{"om_disable_all_campaigns":false,"_monsterinsights_skip_tracking":false,"_monsterinsights_sitenote_active":false,"_monsterinsights_sitenote_note":"","_monsterinsights_sitenote_category":0,"_uf_show_specific_survey":0,"_uf_disable_surveys":false,"footnotes":""},"categories":[25,30],"tags":[],"class_list":["post-54849","post","type-post","status-publish","format-standard","has-post-thumbnail","hentry","category-ama-motocross","category-ama-supercross"],"aioseo_notices":[],"_links":{"self":[{"href":"https:\/\/www.crossprensa.com.ar\/news\/wp-json\/wp\/v2\/posts\/54849","targetHints":{"allow":["GET"]}}],"collection":[{"href":"https:\/\/www.crossprensa.com.ar\/news\/wp-json\/wp\/v2\/posts"}],"about":[{"href":"https:\/\/www.crossprensa.com.ar\/news\/wp-json\/wp\/v2\/types\/post"}],"author":[{"embeddable":true,"href":"https:\/\/www.crossprensa.com.ar\/news\/wp-json\/wp\/v2\/users\/2"}],"replies":[{"embeddable":true,"href":"https:\/\/www.crossprensa.com.ar\/news\/wp-json\/wp\/v2\/comments?post=54849"}],"version-history":[{"count":3,"href":"https:\/\/www.crossprensa.com.ar\/news\/wp-json\/wp\/v2\/posts\/54849\/revisions"}],"predecessor-version":[{"id":54853,"href":"https:\/\/www.crossprensa.com.ar\/news\/wp-json\/wp\/v2\/posts\/54849\/revisions\/54853"}],"wp:featuredmedia":[{"embeddable":true,"href":"https:\/\/www.crossprensa.com.ar\/news\/wp-json\/wp\/v2\/media\/54850"}],"wp:attachment":[{"href":"https:\/\/www.crossprensa.com.ar\/news\/wp-json\/wp\/v2\/media?parent=54849"}],"wp:term":[{"taxonomy":"category","embeddable":true,"href":"https:\/\/www.crossprensa.com.ar\/news\/wp-json\/wp\/v2\/categories?post=54849"},{"taxonomy":"post_tag","embeddable":true,"href":"https:\/\/www.crossprensa.com.ar\/news\/wp-json\/wp\/v2\/tags?post=54849"}],"curies":[{"name":"wp","href":"https:\/\/api.w.org\/{rel}","templated":true}]}}