{"id":54836,"date":"2021-10-05T11:29:53","date_gmt":"2021-10-05T14:29:53","guid":{"rendered":"http:\/\/www.crossprensa.com.ar\/news\/?p=54836"},"modified":"2021-10-05T11:29:53","modified_gmt":"2021-10-05T14:29:53","slug":"plessinger-de-yamaha-a-ktm","status":"publish","type":"post","link":"https:\/\/www.crossprensa.com.ar\/news\/plessinger-de-yamaha-a-ktm\/ama-motocross\/","title":{"rendered":"PLESSINGER: DE YAMAHA A KTM."},"content":{"rendered":"<p>Fueron 8 a\u00f1os, dos campeonatos en 250 y con Yamaha logr\u00f3 hacerse un lugar en el Supercross y Motocross AMA, pero todo tiene un final. En breve, se har\u00e1 el anuncio oficial de algo que adelantamos en redes hace mas de una semana. Aaron Plessinger ser\u00e1 compa\u00f1ero de equipo de Musqu\u00edn y Webb en KTM.<\/p>\n<p><!--more--><\/p>\n<p><strong>Despu\u00e9s de ocho temporadas, Aaron Plessinger ha anunciado que deja Yamaha.\u00a0El piloto de motocross de 25 a\u00f1os gan\u00f3 los t\u00edtulos 250SX y 250MX en 2018 con Star Racing.\u00a0La transici\u00f3n a la clase m\u00e1s dura fue dif\u00edcil al principio hasta que este a\u00f1o termin\u00f3 quinto en el Campeonato de Supercross AMA Monster Energy 450. Plessinger tambi\u00e9n lo hizo bien en el motocross hasta que se di\u00f3 un fuerte golpe.\u00a0Termin\u00f3 d\u00e9cimo en la clasificaci\u00f3n final.<\/strong><\/p>\n<p>A\u00fan no se ha confirmado oficialmente, pero Plessinger ha sido nombrado compa\u00f1ero de equipo de Cooper Webb y Marvin Musquin en KTM, pero ya lo vieron primero en Crossprensa!<\/p>\n","protected":false},"excerpt":{"rendered":"<p>Fueron 8 a\u00f1os, dos campeonatos en 250 y con Yamaha logr\u00f3 hacerse un lugar en&#8230;<\/p>\n","protected":false},"author":2,"featured_media":0,"comment_status":"open","ping_status":"open","sticky":false,"template":"","format":"standard","meta":{"om_disable_all_campaigns":false,"_monsterinsights_skip_tracking":false,"_monsterinsights_sitenote_active":false,"_monsterinsights_sitenote_note":"","_monsterinsights_sitenote_category":0,"_uf_show_specific_survey":0,"_uf_disable_surveys":false,"footnotes":""},"categories":[25,30],"tags":[],"class_list":["post-54836","post","type-post","status-publish","format-standard","hentry","category-ama-motocross","category-ama-supercross"],"aioseo_notices":[],"_links":{"self":[{"href":"https:\/\/www.crossprensa.com.ar\/news\/wp-json\/wp\/v2\/posts\/54836","targetHints":{"allow":["GET"]}}],"collection":[{"href":"https:\/\/www.crossprensa.com.ar\/news\/wp-json\/wp\/v2\/posts"}],"about":[{"href":"https:\/\/www.crossprensa.com.ar\/news\/wp-json\/wp\/v2\/types\/post"}],"author":[{"embeddable":true,"href":"https:\/\/www.crossprensa.com.ar\/news\/wp-json\/wp\/v2\/users\/2"}],"replies":[{"embeddable":true,"href":"https:\/\/www.crossprensa.com.ar\/news\/wp-json\/wp\/v2\/comments?post=54836"}],"version-history":[{"count":2,"href":"https:\/\/www.crossprensa.com.ar\/news\/wp-json\/wp\/v2\/posts\/54836\/revisions"}],"predecessor-version":[{"id":54839,"href":"https:\/\/www.crossprensa.com.ar\/news\/wp-json\/wp\/v2\/posts\/54836\/revisions\/54839"}],"wp:attachment":[{"href":"https:\/\/www.crossprensa.com.ar\/news\/wp-json\/wp\/v2\/media?parent=54836"}],"wp:term":[{"taxonomy":"category","embeddable":true,"href":"https:\/\/www.crossprensa.com.ar\/news\/wp-json\/wp\/v2\/categories?post=54836"},{"taxonomy":"post_tag","embeddable":true,"href":"https:\/\/www.crossprensa.com.ar\/news\/wp-json\/wp\/v2\/tags?post=54836"}],"curies":[{"name":"wp","href":"https:\/\/api.w.org\/{rel}","templated":true}]}}