{"id":54794,"date":"2021-10-04T12:39:28","date_gmt":"2021-10-04T15:39:28","guid":{"rendered":"http:\/\/www.crossprensa.com.ar\/news\/?p=54794"},"modified":"2021-10-04T12:39:28","modified_gmt":"2021-10-04T15:39:28","slug":"jason-anderson-primer-dia-con-kawasaki","status":"publish","type":"post","link":"https:\/\/www.crossprensa.com.ar\/news\/jason-anderson-primer-dia-con-kawasaki\/ama-motocross\/","title":{"rendered":"JASON ANDERSON: Primer d\u00eda con KAWASAKI."},"content":{"rendered":"<p>La noticia que dimos hace unos d\u00edas sobre la firma de Jason Anderson con Kawasaki acompa\u00f1ando a Adam Cianciarulo en el equipo luego de la salida de Eli Tomac, faltaba subrayarse con el famoso: SI HAY FOTO, HAY VIDEO! Y bueno&#8230; aqu\u00ed tienen el video!<\/p>\n<p><!--more--><\/p>\n<p><a href=\"https:\/\/www.instagram.com\/kawasaki.pizzuti\/\"><img fetchpriority=\"high\" decoding=\"async\" class=\"alignnone wp-image-54605 size-full\" src=\"http:\/\/www.crossprensa.com.ar\/news\/wp-content\/uploads\/2021\/09\/Sin-t\u00edtulo-7060.jpg\" alt=\"\" width=\"1592\" height=\"171\" \/><\/a><\/p>\n<p><a href=\"https:\/\/wa.link\/p14b8y\"><img decoding=\"async\" class=\"alignnone wp-image-54599 size-full\" src=\"http:\/\/www.crossprensa.com.ar\/news\/wp-content\/uploads\/2021\/09\/Sin-t\u00edtulo-7054.jpg\" alt=\"\" width=\"1596\" height=\"176\" \/><\/a><\/p>\n<p><iframe title=\"Jasons first day on the Kawi\" width=\"640\" height=\"360\" src=\"https:\/\/www.youtube.com\/embed\/Cg55iyGcIfg?feature=oembed\" frameborder=\"0\" allow=\"accelerometer; autoplay; clipboard-write; encrypted-media; gyroscope; picture-in-picture; web-share\" referrerpolicy=\"strict-origin-when-cross-origin\" allowfullscreen><\/iframe><\/p>\n","protected":false},"excerpt":{"rendered":"<p>La noticia que dimos hace unos d\u00edas sobre la firma de Jason Anderson con Kawasaki&#8230;<\/p>\n","protected":false},"author":2,"featured_media":0,"comment_status":"open","ping_status":"open","sticky":false,"template":"","format":"standard","meta":{"om_disable_all_campaigns":false,"_monsterinsights_skip_tracking":false,"_monsterinsights_sitenote_active":false,"_monsterinsights_sitenote_note":"","_monsterinsights_sitenote_category":0,"_uf_show_specific_survey":0,"_uf_disable_surveys":false,"footnotes":""},"categories":[25,30,38],"tags":[],"class_list":["post-54794","post","type-post","status-publish","format-standard","hentry","category-ama-motocross","category-ama-supercross","category-hot-news"],"aioseo_notices":[],"_links":{"self":[{"href":"https:\/\/www.crossprensa.com.ar\/news\/wp-json\/wp\/v2\/posts\/54794","targetHints":{"allow":["GET"]}}],"collection":[{"href":"https:\/\/www.crossprensa.com.ar\/news\/wp-json\/wp\/v2\/posts"}],"about":[{"href":"https:\/\/www.crossprensa.com.ar\/news\/wp-json\/wp\/v2\/types\/post"}],"author":[{"embeddable":true,"href":"https:\/\/www.crossprensa.com.ar\/news\/wp-json\/wp\/v2\/users\/2"}],"replies":[{"embeddable":true,"href":"https:\/\/www.crossprensa.com.ar\/news\/wp-json\/wp\/v2\/comments?post=54794"}],"version-history":[{"count":1,"href":"https:\/\/www.crossprensa.com.ar\/news\/wp-json\/wp\/v2\/posts\/54794\/revisions"}],"predecessor-version":[{"id":54796,"href":"https:\/\/www.crossprensa.com.ar\/news\/wp-json\/wp\/v2\/posts\/54794\/revisions\/54796"}],"wp:attachment":[{"href":"https:\/\/www.crossprensa.com.ar\/news\/wp-json\/wp\/v2\/media?parent=54794"}],"wp:term":[{"taxonomy":"category","embeddable":true,"href":"https:\/\/www.crossprensa.com.ar\/news\/wp-json\/wp\/v2\/categories?post=54794"},{"taxonomy":"post_tag","embeddable":true,"href":"https:\/\/www.crossprensa.com.ar\/news\/wp-json\/wp\/v2\/tags?post=54794"}],"curies":[{"name":"wp","href":"https:\/\/api.w.org\/{rel}","templated":true}]}}