{"id":54538,"date":"2021-09-23T11:14:01","date_gmt":"2021-09-23T14:14:01","guid":{"rendered":"http:\/\/www.crossprensa.com.ar\/news\/?p=54538"},"modified":"2021-09-23T14:50:43","modified_gmt":"2021-09-23T17:50:43","slug":"motocross-de-las-naciones-los-equipos-para-este-fin-de-semana","status":"publish","type":"post","link":"https:\/\/www.crossprensa.com.ar\/news\/motocross-de-las-naciones-los-equipos-para-este-fin-de-semana\/mxon\/","title":{"rendered":"MOTOCROSS DE LAS NACIONES, LOS EQUIPOS PARA ESTE FIN DE SEMANA!"},"content":{"rendered":"<p>Un motocross de las naciones que ser\u00e1 un poco raro&#8230; pero si con equipos fuertes! Holanda como campe\u00f3n defensor tendr\u00e1 otras dos escuadras de las que cuidarse porque Francia e Italia ir\u00e1n por el trofeo Chamberlain para lograr ganar esta edici\u00f3n 74 de la carrera mas importante del a\u00f1o! Que pasar\u00e1 con Cairoli? Est\u00e1 plenamente confirmada su participaci\u00f3n!<\/p>\n<p><!--more--><\/p>\n<p><img fetchpriority=\"high\" decoding=\"async\" class=\"alignnone wp-image-54539 size-full\" src=\"http:\/\/www.crossprensa.com.ar\/news\/wp-content\/uploads\/2021\/09\/Screenshot-2021-09-23-at-11.52.03-1024x779.jpg\" alt=\"\" width=\"1024\" height=\"779\" \/><\/p>\n<p><img decoding=\"async\" class=\"alignnone wp-image-54540 size-full\" src=\"http:\/\/www.crossprensa.com.ar\/news\/wp-content\/uploads\/2021\/09\/Screenshot-2021-09-23-at-11.52.55-935x1024.jpg\" alt=\"\" width=\"935\" height=\"1024\" \/><\/p>\n<p><img decoding=\"async\" class=\"alignnone wp-image-54541 size-full\" src=\"http:\/\/www.crossprensa.com.ar\/news\/wp-content\/uploads\/2021\/09\/Screenshot-2021-09-23-at-11.53.12-935x1024.jpg\" alt=\"\" width=\"935\" height=\"1024\" \/><\/p>\n<p><img loading=\"lazy\" decoding=\"async\" class=\"alignnone wp-image-54542 size-full\" src=\"http:\/\/www.crossprensa.com.ar\/news\/wp-content\/uploads\/2021\/09\/Screenshot-2021-09-23-at-11.54.33-1024x672.jpg\" alt=\"\" width=\"1024\" height=\"672\" \/><\/p>\n","protected":false},"excerpt":{"rendered":"<p>Un motocross de las naciones que ser\u00e1 un poco raro&#8230; pero si con equipos fuertes!&#8230;<\/p>\n","protected":false},"author":2,"featured_media":0,"comment_status":"open","ping_status":"open","sticky":false,"template":"","format":"standard","meta":{"om_disable_all_campaigns":false,"_monsterinsights_skip_tracking":false,"_monsterinsights_sitenote_active":false,"_monsterinsights_sitenote_note":"","_monsterinsights_sitenote_category":0,"_uf_show_specific_survey":0,"_uf_disable_surveys":false,"footnotes":""},"categories":[38,33],"tags":[],"class_list":["post-54538","post","type-post","status-publish","format-standard","hentry","category-hot-news","category-mxon"],"aioseo_notices":[],"_links":{"self":[{"href":"https:\/\/www.crossprensa.com.ar\/news\/wp-json\/wp\/v2\/posts\/54538","targetHints":{"allow":["GET"]}}],"collection":[{"href":"https:\/\/www.crossprensa.com.ar\/news\/wp-json\/wp\/v2\/posts"}],"about":[{"href":"https:\/\/www.crossprensa.com.ar\/news\/wp-json\/wp\/v2\/types\/post"}],"author":[{"embeddable":true,"href":"https:\/\/www.crossprensa.com.ar\/news\/wp-json\/wp\/v2\/users\/2"}],"replies":[{"embeddable":true,"href":"https:\/\/www.crossprensa.com.ar\/news\/wp-json\/wp\/v2\/comments?post=54538"}],"version-history":[{"count":3,"href":"https:\/\/www.crossprensa.com.ar\/news\/wp-json\/wp\/v2\/posts\/54538\/revisions"}],"predecessor-version":[{"id":54546,"href":"https:\/\/www.crossprensa.com.ar\/news\/wp-json\/wp\/v2\/posts\/54538\/revisions\/54546"}],"wp:attachment":[{"href":"https:\/\/www.crossprensa.com.ar\/news\/wp-json\/wp\/v2\/media?parent=54538"}],"wp:term":[{"taxonomy":"category","embeddable":true,"href":"https:\/\/www.crossprensa.com.ar\/news\/wp-json\/wp\/v2\/categories?post=54538"},{"taxonomy":"post_tag","embeddable":true,"href":"https:\/\/www.crossprensa.com.ar\/news\/wp-json\/wp\/v2\/tags?post=54538"}],"curies":[{"name":"wp","href":"https:\/\/api.w.org\/{rel}","templated":true}]}}