{"id":54377,"date":"2021-09-11T22:08:10","date_gmt":"2021-09-12T01:08:10","guid":{"rendered":"http:\/\/www.crossprensa.com.ar\/news\/?p=54377"},"modified":"2021-09-11T22:08:10","modified_gmt":"2021-09-12T01:08:10","slug":"primicia-confirmada-stewart-con-husqvarna","status":"publish","type":"post","link":"https:\/\/www.crossprensa.com.ar\/news\/primicia-confirmada-stewart-con-husqvarna\/ama-motocross\/","title":{"rendered":"PRIMICIA CONFIRMADA: STEWART CON HUSQVARNA!!!"},"content":{"rendered":"<p><span>El equipo Rockstar Energy Husqvarna Factory Racing Team se complace en anunciar oficialmente que Malcolm Stewart firm\u00f3 un contrato de dos a\u00f1os para unirse a los 450 esfuerzos del equipo en AMA Supercross World Championship y AMA Pro Motocross racing.\u00a0<\/span><span>El nativo de Florida de 28 a\u00f1os pilotear\u00e1 el FC 450 ROCKSTAR EDITION para las temporadas de 2022 y 2023, comenzando el 8 de enero con la apertura de la temporada Anaheim SX.<\/span><\/p>\n<p><!--more--><\/p>\n<p><strong><span>Malcolm Stewart (Rockstar Energy Husqvarna Factory Racing Team):<\/span><\/strong><span>\u00a0\u00a0\u201cEstoy muy emocionado de tener un acuerdo completo para Supercross y Motocross que est\u00e1 firmado por dos a\u00f1os.\u00a0Definitivamente es una gran oportunidad para m\u00ed y creo que no tengo nada m\u00e1s que vibraciones positivas.\u00a0Siempre he querido conducir una de estas motos Husqvarna, he visto a todos en el pasado hacerlo muy bien.\u00a0Hemos estado trabajando este verano.\u00a0Al tener un nuevo programa de entrenamiento con Aldon Baker, s\u00e9 que habr\u00e1 muchos cambios importantes para m\u00ed, pero estoy deseando que lleguen todos.\u00a0He visto los \u00e9xitos que han sucedido a trav\u00e9s de The Baker&#8217;s Factory y quiero ser parte de esas personas, as\u00ed que siento que esta es una buena oportunidad para m\u00ed en estos pr\u00f3ximos dos a\u00f1os para salir y hacer lo mejor que pueda.&#8221;<\/span><\/p>\n<p><span>Reci\u00e9n salido de la mejor temporada de Supercross de su carrera con el sexto lugar en la general en 2021, el Campe\u00f3n de la 250SX Este 2016 gan\u00f3 su primer podio 450SX en la pen\u00faltima ronda en Salt Lake City antes de terminar el a\u00f1o con un resultado entre los cinco primeros.\u00a0Ahora, con el equipo Rockstar Energy Husqvarna Factory Racing detr\u00e1s de \u00e9l, Stewart busca mantener el impulso mientras se prepara para atacar tanto Supercross como Motocross por primera vez desde 2014.<\/span><\/p>\n<p><span>Stewart agreg\u00f3: \u201cHa pasado un tiempo desde que corr\u00ed en motocross, pero siento que las carreras son carreras; cada vez que cae el partidor, no hay vibraciones negativas y siempre ser\u00e1 positivo.\u00a0Vives y aprendes algo de ello, as\u00ed que prepar\u00e9monos porque el n\u00famero 27 estar\u00e1 ah\u00ed &#8220;.<\/span><\/p>\n<p><strong><span>Stephen Westfall (Director del equipo Rockstar Energy Husqvarna Factory Racing):<\/span><\/strong><span>\u00a0\u00a0\u201cNos complace anunciar la incorporaci\u00f3n de Malcolm al equipo durante los pr\u00f3ximos dos a\u00f1os.\u00a0Siempre ha sido un placer verlo manejar en Supercross y ahora podemos verlo de primera mano todos los d\u00edas.\u00a0Ser\u00e1n un par de a\u00f1os divertidos con \u00e9l &#8220;.<\/span><\/p>\n","protected":false},"excerpt":{"rendered":"<p>El equipo Rockstar Energy Husqvarna Factory Racing Team se complace en anunciar oficialmente que Malcolm&#8230;<\/p>\n","protected":false},"author":2,"featured_media":0,"comment_status":"open","ping_status":"open","sticky":false,"template":"","format":"standard","meta":{"om_disable_all_campaigns":false,"_monsterinsights_skip_tracking":false,"_monsterinsights_sitenote_active":false,"_monsterinsights_sitenote_note":"","_monsterinsights_sitenote_category":0,"_uf_show_specific_survey":0,"_uf_disable_surveys":false,"footnotes":""},"categories":[25,30,38],"tags":[],"class_list":["post-54377","post","type-post","status-publish","format-standard","hentry","category-ama-motocross","category-ama-supercross","category-hot-news"],"aioseo_notices":[],"_links":{"self":[{"href":"https:\/\/www.crossprensa.com.ar\/news\/wp-json\/wp\/v2\/posts\/54377","targetHints":{"allow":["GET"]}}],"collection":[{"href":"https:\/\/www.crossprensa.com.ar\/news\/wp-json\/wp\/v2\/posts"}],"about":[{"href":"https:\/\/www.crossprensa.com.ar\/news\/wp-json\/wp\/v2\/types\/post"}],"author":[{"embeddable":true,"href":"https:\/\/www.crossprensa.com.ar\/news\/wp-json\/wp\/v2\/users\/2"}],"replies":[{"embeddable":true,"href":"https:\/\/www.crossprensa.com.ar\/news\/wp-json\/wp\/v2\/comments?post=54377"}],"version-history":[{"count":1,"href":"https:\/\/www.crossprensa.com.ar\/news\/wp-json\/wp\/v2\/posts\/54377\/revisions"}],"predecessor-version":[{"id":54379,"href":"https:\/\/www.crossprensa.com.ar\/news\/wp-json\/wp\/v2\/posts\/54377\/revisions\/54379"}],"wp:attachment":[{"href":"https:\/\/www.crossprensa.com.ar\/news\/wp-json\/wp\/v2\/media?parent=54377"}],"wp:term":[{"taxonomy":"category","embeddable":true,"href":"https:\/\/www.crossprensa.com.ar\/news\/wp-json\/wp\/v2\/categories?post=54377"},{"taxonomy":"post_tag","embeddable":true,"href":"https:\/\/www.crossprensa.com.ar\/news\/wp-json\/wp\/v2\/tags?post=54377"}],"curies":[{"name":"wp","href":"https:\/\/api.w.org\/{rel}","templated":true}]}}