{"id":54338,"date":"2021-09-10T23:40:49","date_gmt":"2021-09-11T02:40:49","guid":{"rendered":"http:\/\/www.crossprensa.com.ar\/news\/?p=54338"},"modified":"2021-09-10T23:40:49","modified_gmt":"2021-09-11T02:40:49","slug":"ama-mx-final-en-hangtown-los-horarios","status":"publish","type":"post","link":"https:\/\/www.crossprensa.com.ar\/news\/ama-mx-final-en-hangtown-los-horarios\/ama-motocross\/","title":{"rendered":"AMA MX: FINAL EN HANGTOWN &#8211; LOS HORARIOS"},"content":{"rendered":"<p>Se termina un impresionante a\u00f1o en el AMA PRO MOTOCROSS con el campe\u00f3n ya definido de 450 a favor del contundente Dylan Ferrandis, pero todav\u00eda falta definir qui\u00e9n se quedar\u00e1 con el #1 en 250, y la cerrada lucha ser\u00e1 entre Justin Cooper con Yamaha y Jett Lawrence con Honda. Aqu\u00ed los horarios de lo que ser\u00e1 sin dudas un S\u00e1bado inolvidable! ATENCI\u00d3N porque el espect\u00e1culo lo finaliza 250!!!<\/p>\n<p><!--more--><\/p>\n<p><a href=\"https:\/\/www.instagram.com\/odiargentina\/\"><img fetchpriority=\"high\" decoding=\"async\" class=\"alignnone wp-image-53339 size-full\" src=\"http:\/\/www.crossprensa.com.ar\/news\/wp-content\/uploads\/2021\/07\/Sin-t\u00edtulo-7061-1.jpg\" alt=\"\" width=\"1592\" height=\"171\" \/><\/a><\/p>\n<p>HORARIOS AMA MOTOCROSS<\/p>\n<p>ULTIMA FECHA 2021<\/p>\n<p>HANGTOWN, SACRAMENTO, CA.<\/p>\n<p>250MX<\/p>\n<p>250MX Group A Qualifying 1 12:50<\/p>\n<p>250MX Group B Qualifying 1 13:10<\/p>\n<p>250MX Group A Qualifying 2 14:50<\/p>\n<p>250MX Group B Qualifying 2 15:15<\/p>\n<p>250MX Consolation Race1 18:00<\/p>\n<p>250MX Carrera 1 18:15<\/p>\n<p>250MX Carrera 2 20:15<\/p>\n<p><a href=\"https:\/\/www.instagram.com\/sl.mechanic\/\"><img decoding=\"async\" class=\"alignnone wp-image-53337 size-full\" src=\"http:\/\/www.crossprensa.com.ar\/news\/wp-content\/uploads\/2021\/07\/Sin-t\u00edtulo-7056.jpg\" alt=\"\" width=\"1594\" height=\"141\" \/><\/a><\/p>\n<p>450MX<\/p>\n<p>450MX Group B Qualifying 1 12:00<\/p>\n<p>450MX Group A Qualifying 1 12:20<\/p>\n<p>450MX Group B Qualifying 2 13:55<\/p>\n<p>450MX Group A Qualifying 2 14:20<\/p>\n<p>450MX Consolation Race1 15:45<\/p>\n<p>450MX Carrera 1 17:15<\/p>\n<p>450MX Carrera 2 19:15<\/p>\n","protected":false},"excerpt":{"rendered":"<p>Se termina un impresionante a\u00f1o en el AMA PRO MOTOCROSS con el campe\u00f3n ya definido&#8230;<\/p>\n","protected":false},"author":2,"featured_media":0,"comment_status":"open","ping_status":"open","sticky":false,"template":"","format":"standard","meta":{"om_disable_all_campaigns":false,"_monsterinsights_skip_tracking":false,"_monsterinsights_sitenote_active":false,"_monsterinsights_sitenote_note":"","_monsterinsights_sitenote_category":0,"_uf_show_specific_survey":0,"_uf_disable_surveys":false,"footnotes":""},"categories":[25,38],"tags":[],"class_list":["post-54338","post","type-post","status-publish","format-standard","hentry","category-ama-motocross","category-hot-news"],"aioseo_notices":[],"_links":{"self":[{"href":"https:\/\/www.crossprensa.com.ar\/news\/wp-json\/wp\/v2\/posts\/54338","targetHints":{"allow":["GET"]}}],"collection":[{"href":"https:\/\/www.crossprensa.com.ar\/news\/wp-json\/wp\/v2\/posts"}],"about":[{"href":"https:\/\/www.crossprensa.com.ar\/news\/wp-json\/wp\/v2\/types\/post"}],"author":[{"embeddable":true,"href":"https:\/\/www.crossprensa.com.ar\/news\/wp-json\/wp\/v2\/users\/2"}],"replies":[{"embeddable":true,"href":"https:\/\/www.crossprensa.com.ar\/news\/wp-json\/wp\/v2\/comments?post=54338"}],"version-history":[{"count":1,"href":"https:\/\/www.crossprensa.com.ar\/news\/wp-json\/wp\/v2\/posts\/54338\/revisions"}],"predecessor-version":[{"id":54340,"href":"https:\/\/www.crossprensa.com.ar\/news\/wp-json\/wp\/v2\/posts\/54338\/revisions\/54340"}],"wp:attachment":[{"href":"https:\/\/www.crossprensa.com.ar\/news\/wp-json\/wp\/v2\/media?parent=54338"}],"wp:term":[{"taxonomy":"category","embeddable":true,"href":"https:\/\/www.crossprensa.com.ar\/news\/wp-json\/wp\/v2\/categories?post=54338"},{"taxonomy":"post_tag","embeddable":true,"href":"https:\/\/www.crossprensa.com.ar\/news\/wp-json\/wp\/v2\/tags?post=54338"}],"curies":[{"name":"wp","href":"https:\/\/api.w.org\/{rel}","templated":true}]}}