{"id":54220,"date":"2021-09-04T14:52:10","date_gmt":"2021-09-04T17:52:10","guid":{"rendered":"http:\/\/www.crossprensa.com.ar\/news\/?p=54220"},"modified":"2021-09-04T16:19:48","modified_gmt":"2021-09-04T19:19:48","slug":"ama-pro-mx-clasificaciones-fox-raceway","status":"publish","type":"post","link":"https:\/\/www.crossprensa.com.ar\/news\/ama-pro-mx-clasificaciones-fox-raceway\/ama-motocross\/","title":{"rendered":"AMA PRO MX: CLASIFICACIONES FOX RACEWAY"},"content":{"rendered":"<p>La ante\u00faltima fecha del a\u00f1o y con mucha expectativa se esperan las dos categor\u00edas. La mayor porque Dylan Ferrandis tiene que sumar solo UN punto para ser campe\u00f3n, y en 250 es tan poca la diferencia que de no mediar ning\u00fan problema mec\u00e1nico para J. Lawrence y J. Cooper, se definir\u00e1 todo en la \u00faltima carrera. Aqu\u00ed los tiempos de clasificaci\u00f3n!<\/p>\n<p><!--more--><\/p>\n<h3><span style=\"color: #0000ff;\">250<\/span><\/h3>\n<p><img decoding=\"async\" src=\"https:\/\/www.motoxaddicts.com\/wp-content\/uploads\/2021\/09\/Screen-Shot-2021-09-04-at-10.44.49-AM.png\" \/><\/p>\n<h3><span style=\"color: #0000ff;\">450<\/span><\/h3>\n<p>Esta clasificaci\u00f3n fue impresionante, porque Ferrandis casi podr\u00edamos decir que desmoraliz\u00f3 a Roczen, clavando el 1 en la \u00faltima vuelta, en la \u00faltima media vuelta mejor dicho&#8230; APLASTANTE!<\/p>\n<p><img decoding=\"async\" src=\"https:\/\/www.motoxaddicts.com\/wp-content\/uploads\/2021\/09\/Screen-Shot-2021-09-04-at-11.39.51-AM.png\" \/><\/p>\n","protected":false},"excerpt":{"rendered":"<p>La ante\u00faltima fecha del a\u00f1o y con mucha expectativa se esperan las dos categor\u00edas. La&#8230;<\/p>\n","protected":false},"author":2,"featured_media":0,"comment_status":"open","ping_status":"open","sticky":false,"template":"","format":"standard","meta":{"om_disable_all_campaigns":false,"_monsterinsights_skip_tracking":false,"_monsterinsights_sitenote_active":false,"_monsterinsights_sitenote_note":"","_monsterinsights_sitenote_category":0,"_uf_show_specific_survey":0,"_uf_disable_surveys":false,"footnotes":""},"categories":[25,38],"tags":[],"class_list":["post-54220","post","type-post","status-publish","format-standard","hentry","category-ama-motocross","category-hot-news"],"aioseo_notices":[],"_links":{"self":[{"href":"https:\/\/www.crossprensa.com.ar\/news\/wp-json\/wp\/v2\/posts\/54220","targetHints":{"allow":["GET"]}}],"collection":[{"href":"https:\/\/www.crossprensa.com.ar\/news\/wp-json\/wp\/v2\/posts"}],"about":[{"href":"https:\/\/www.crossprensa.com.ar\/news\/wp-json\/wp\/v2\/types\/post"}],"author":[{"embeddable":true,"href":"https:\/\/www.crossprensa.com.ar\/news\/wp-json\/wp\/v2\/users\/2"}],"replies":[{"embeddable":true,"href":"https:\/\/www.crossprensa.com.ar\/news\/wp-json\/wp\/v2\/comments?post=54220"}],"version-history":[{"count":4,"href":"https:\/\/www.crossprensa.com.ar\/news\/wp-json\/wp\/v2\/posts\/54220\/revisions"}],"predecessor-version":[{"id":54225,"href":"https:\/\/www.crossprensa.com.ar\/news\/wp-json\/wp\/v2\/posts\/54220\/revisions\/54225"}],"wp:attachment":[{"href":"https:\/\/www.crossprensa.com.ar\/news\/wp-json\/wp\/v2\/media?parent=54220"}],"wp:term":[{"taxonomy":"category","embeddable":true,"href":"https:\/\/www.crossprensa.com.ar\/news\/wp-json\/wp\/v2\/categories?post=54220"},{"taxonomy":"post_tag","embeddable":true,"href":"https:\/\/www.crossprensa.com.ar\/news\/wp-json\/wp\/v2\/tags?post=54220"}],"curies":[{"name":"wp","href":"https:\/\/api.w.org\/{rel}","templated":true}]}}