{"id":53582,"date":"2021-08-06T13:17:15","date_gmt":"2021-08-06T16:17:15","guid":{"rendered":"http:\/\/www.crossprensa.com.ar\/news\/?p=53582"},"modified":"2021-08-06T13:17:15","modified_gmt":"2021-08-06T16:17:15","slug":"quads-centro-de-la-republica-se-entrena-en-san-agustin","status":"publish","type":"post","link":"https:\/\/www.crossprensa.com.ar\/news\/quads-centro-de-la-republica-se-entrena-en-san-agustin\/quads\/","title":{"rendered":"QUADS CENTRO DE LA REP\u00daBLICA, SE ENTRENA EN SAN AGUST\u00cdN!"},"content":{"rendered":"<p>Ya con el rumbo puesto al comienzo del tan esperado campeonato que no tenemos dudas ser\u00e1 explosivo como pas\u00f3 con el motocross, los cuatriciclos se preparan para entrenar por primera vez para el campeonato CENTRO DE LA REP\u00daBLICA que comienza el fin de semana del 21 y 22 de Agosto!<\/p>\n<p><!--more--><\/p>\n<p>Se prepara con mucha ansiedad y ganas, el comienzo de la actividad para los cuatris, que est\u00e1n contenidos como todos por la pandemia, y no ven la hora de poder dar rienda suelta a la pasi\u00f3n!<\/p>\n<p>Muchas consultas, muchos pilotos listos y un circuito que sin dudas va a marcar un hito hist\u00f3rico en cuanto a la cantidad y calidad de pilotos que estar\u00e1n en pista&#8230;<\/p>\n<p>Se podr\u00e1 entrenar este S\u00e1bado 7, el pr\u00f3ximo S\u00e1bado 14, y luego ya llega el momento de correr. Te lo vas a perder?<\/p>\n<p><img fetchpriority=\"high\" decoding=\"async\" class=\"alignnone wp-image-53536 size-full\" src=\"http:\/\/www.crossprensa.com.ar\/news\/wp-content\/uploads\/2021\/08\/flyer4.jpg\" alt=\"\" width=\"3552\" height=\"3546\" \/><\/p>\n","protected":false},"excerpt":{"rendered":"<p>Ya con el rumbo puesto al comienzo del tan esperado campeonato que no tenemos dudas&#8230;<\/p>\n","protected":false},"author":2,"featured_media":0,"comment_status":"open","ping_status":"open","sticky":false,"template":"","format":"standard","meta":{"om_disable_all_campaigns":false,"_monsterinsights_skip_tracking":false,"_monsterinsights_sitenote_active":false,"_monsterinsights_sitenote_note":"","_monsterinsights_sitenote_category":0,"_uf_show_specific_survey":0,"_uf_disable_surveys":false,"footnotes":""},"categories":[38,10],"tags":[],"class_list":["post-53582","post","type-post","status-publish","format-standard","hentry","category-hot-news","category-quads"],"aioseo_notices":[],"_links":{"self":[{"href":"https:\/\/www.crossprensa.com.ar\/news\/wp-json\/wp\/v2\/posts\/53582","targetHints":{"allow":["GET"]}}],"collection":[{"href":"https:\/\/www.crossprensa.com.ar\/news\/wp-json\/wp\/v2\/posts"}],"about":[{"href":"https:\/\/www.crossprensa.com.ar\/news\/wp-json\/wp\/v2\/types\/post"}],"author":[{"embeddable":true,"href":"https:\/\/www.crossprensa.com.ar\/news\/wp-json\/wp\/v2\/users\/2"}],"replies":[{"embeddable":true,"href":"https:\/\/www.crossprensa.com.ar\/news\/wp-json\/wp\/v2\/comments?post=53582"}],"version-history":[{"count":1,"href":"https:\/\/www.crossprensa.com.ar\/news\/wp-json\/wp\/v2\/posts\/53582\/revisions"}],"predecessor-version":[{"id":53584,"href":"https:\/\/www.crossprensa.com.ar\/news\/wp-json\/wp\/v2\/posts\/53582\/revisions\/53584"}],"wp:attachment":[{"href":"https:\/\/www.crossprensa.com.ar\/news\/wp-json\/wp\/v2\/media?parent=53582"}],"wp:term":[{"taxonomy":"category","embeddable":true,"href":"https:\/\/www.crossprensa.com.ar\/news\/wp-json\/wp\/v2\/categories?post=53582"},{"taxonomy":"post_tag","embeddable":true,"href":"https:\/\/www.crossprensa.com.ar\/news\/wp-json\/wp\/v2\/tags?post=53582"}],"curies":[{"name":"wp","href":"https:\/\/api.w.org\/{rel}","templated":true}]}}