{"id":53535,"date":"2021-08-03T15:29:17","date_gmt":"2021-08-03T18:29:17","guid":{"rendered":"http:\/\/www.crossprensa.com.ar\/news\/?p=53535"},"modified":"2021-08-03T15:31:30","modified_gmt":"2021-08-03T18:31:30","slug":"vuelven-los-quads-a-cordoba","status":"publish","type":"post","link":"https:\/\/www.crossprensa.com.ar\/news\/vuelven-los-quads-a-cordoba\/quads\/","title":{"rendered":"VUELVEN LOS QUADS A CORDOBA!"},"content":{"rendered":"<p>Ya vimos el suceso del motocross en C\u00f3rdoba, donde un campeonato provincial se convirti\u00f3 por cantidad y calidad de pilotos en el &#8220;suplente&#8221; sin buscarlo, del Campeonato Nacional. Ahora le toca el turno a los cuatriciclos que comienzan su campeonato el 21 y 22 de Agosto en San Agust\u00edn!<\/p>\n<p><!--more--><\/p>\n<p>Toda la promoci\u00f3n del campeonato estar\u00e1 a cargo de Sebasti\u00e1n Troncoso, con la fiscalizaci\u00f3n de la Federaci\u00f3n Cordobesa de Motociclismo que preside Mario Medina, y en breve les brindaremos toda la acostumbrada informaci\u00f3n sobre reglamento, categor\u00edas, y lo habitual que ven siempre en Crossprensa con cada categor\u00eda que elige nuestra difusi\u00f3n, que desde ya agradecemos tambi\u00e9n a esta organizaci\u00f3n! Los pilotos pueden agregar el WS de Crossprensa, para recibir informaci\u00f3n en su celular en forma directa: +549 342 5 530 220<\/p>\n<p><img fetchpriority=\"high\" decoding=\"async\" class=\"wp-image-53536 size-large aligncenter\" src=\"http:\/\/www.crossprensa.com.ar\/news\/wp-content\/uploads\/2021\/08\/flyer4-401x400.jpg\" alt=\"\" width=\"401\" height=\"400\" \/><\/p>\n","protected":false},"excerpt":{"rendered":"<p>Ya vimos el suceso del motocross en C\u00f3rdoba, donde un campeonato provincial se convirti\u00f3 por&#8230;<\/p>\n","protected":false},"author":2,"featured_media":0,"comment_status":"open","ping_status":"open","sticky":false,"template":"","format":"standard","meta":{"om_disable_all_campaigns":false,"_monsterinsights_skip_tracking":false,"_monsterinsights_sitenote_active":false,"_monsterinsights_sitenote_note":"","_monsterinsights_sitenote_category":0,"_uf_show_specific_survey":0,"_uf_disable_surveys":false,"footnotes":""},"categories":[38,10],"tags":[],"class_list":["post-53535","post","type-post","status-publish","format-standard","hentry","category-hot-news","category-quads"],"aioseo_notices":[],"_links":{"self":[{"href":"https:\/\/www.crossprensa.com.ar\/news\/wp-json\/wp\/v2\/posts\/53535","targetHints":{"allow":["GET"]}}],"collection":[{"href":"https:\/\/www.crossprensa.com.ar\/news\/wp-json\/wp\/v2\/posts"}],"about":[{"href":"https:\/\/www.crossprensa.com.ar\/news\/wp-json\/wp\/v2\/types\/post"}],"author":[{"embeddable":true,"href":"https:\/\/www.crossprensa.com.ar\/news\/wp-json\/wp\/v2\/users\/2"}],"replies":[{"embeddable":true,"href":"https:\/\/www.crossprensa.com.ar\/news\/wp-json\/wp\/v2\/comments?post=53535"}],"version-history":[{"count":3,"href":"https:\/\/www.crossprensa.com.ar\/news\/wp-json\/wp\/v2\/posts\/53535\/revisions"}],"predecessor-version":[{"id":53540,"href":"https:\/\/www.crossprensa.com.ar\/news\/wp-json\/wp\/v2\/posts\/53535\/revisions\/53540"}],"wp:attachment":[{"href":"https:\/\/www.crossprensa.com.ar\/news\/wp-json\/wp\/v2\/media?parent=53535"}],"wp:term":[{"taxonomy":"category","embeddable":true,"href":"https:\/\/www.crossprensa.com.ar\/news\/wp-json\/wp\/v2\/categories?post=53535"},{"taxonomy":"post_tag","embeddable":true,"href":"https:\/\/www.crossprensa.com.ar\/news\/wp-json\/wp\/v2\/tags?post=53535"}],"curies":[{"name":"wp","href":"https:\/\/api.w.org\/{rel}","templated":true}]}}