{"id":53289,"date":"2021-07-22T14:13:21","date_gmt":"2021-07-22T17:13:21","guid":{"rendered":"http:\/\/www.crossprensa.com.ar\/news\/?p=53289"},"modified":"2021-07-22T14:13:21","modified_gmt":"2021-07-22T17:13:21","slug":"ama-pro-mx-cianciarulo-fuera-del-campeonato","status":"publish","type":"post","link":"https:\/\/www.crossprensa.com.ar\/news\/ama-pro-mx-cianciarulo-fuera-del-campeonato\/ama-motocross\/","title":{"rendered":"AMA PRO MX: CIANCIARULO FUERA DEL CAMPEONATO!!!"},"content":{"rendered":"<p>Despu\u00e9s de su accidente en Millville, Adam Cianciarulo ha tirado la toalla a rega\u00f1adientes en su temporada al aire libre para someterse a una cirug\u00eda en un problema del nervio Ulna que est\u00e1 afectando su agarre en las barras.<\/p>\n<p><!--more--><\/p>\n<p>AC explic\u00f3: \u201cHe estado lidiando con un problema del nervio cubital durante los \u00faltimos a\u00f1os.\u00a0Al azar, comenc\u00e9 a tener problemas con \u00e9l a fines de 2019. En 2020 fue en su mayor\u00eda manejable y realmente pens\u00e9 que era solo un golpe en el brazo.<\/p>\n<p><span style=\"color: #ff0000;\"><em><strong>Para ver EN VIVO el AMA MOTOCROSS, y recibir adem\u00e1s toda la informaci\u00f3n diaria de Crossprensa, junto al MXGP, el Italiano Prestige y MUCHO MAS, Suscribite a Crossprensa, haciendo CLICK en la im\u00e1gen de abajo:<\/strong><\/em><\/span><\/p>\n<p><a href=\"https:\/\/wa.link\/yjpbdx\"><img fetchpriority=\"high\" decoding=\"async\" class=\"alignnone wp-image-51477 size-full\" src=\"http:\/\/www.crossprensa.com.ar\/news\/wp-content\/uploads\/2021\/04\/Sin-t\u00edtulo-1.jpg\" alt=\"\" width=\"1595\" height=\"175\" \/><\/a><\/p>\n<p>\u201cSin embargo, sigui\u00f3 empeorando la temporada pasada hasta el punto en que no pude hacer m\u00e1s que unas pocas vueltas seguidas.\u00a0Despu\u00e9s de muchas pruebas y exploraciones, me somet\u00ed a un procedimiento de descompresi\u00f3n nerviosa justo antes del SX &#8217;21.\u00a0He experimentado un alivio menor por eso, pero no lo suficiente como para volver a ser yo mismo.\u00a0Pierdo la sensibilidad, como tambi\u00e9n la mayor parte de la fuerza en mi mano derecha gradualmente mientras conduzco.\u00a0He intentado ser inteligente y dar lo mejor de m\u00ed, pero en este punto la \u00fanica decisi\u00f3n l\u00f3gica es arreglarlo.<\/p>\n<p>\u201cEs un procedimiento relativamente simple, pero me dejar\u00e1 fuera por el resto de esta temporada.\u00a0Esto ha sido dif\u00edcil, mental y f\u00edsicamente.\u00a0Me ha vuelto loco un par de veces si soy honesto.\u00a0Aprend\u00ed mucho sobre c\u00f3mo enfocarme en las cosas que puedes controlar y no perder tiempo preocup\u00e1ndome por las cosas que no puedo cambiar.\u00a0En \u00faltima instancia, siempre estoy agradecido por mis desaf\u00edos y las cosas que me ense\u00f1an.\u00a0La cirug\u00eda es es ma\u00f1ana (NdR: por hoy Jueves 22\/7) y estoy feliz de haberlo solucionado para poder seguir persiguiendo mis objetivos y volver a divertirme en mi moto de cross.\u00a0Regresar\u00e9 y mejor.\u00a0Gracias por su continuo apoyo.\u00a0Hablamos pronto.&#8221;<\/p>\n<p><a href=\"https:\/\/www.instagram.com\/kawasaki.pizzuti\/?hl=en\"><img decoding=\"async\" class=\"alignnone wp-image-52684 size-full\" src=\"http:\/\/www.crossprensa.com.ar\/news\/wp-content\/uploads\/2021\/06\/Sin-t\u00edtulo-7060.jpg\" alt=\"\" width=\"1592\" height=\"171\" \/><\/a><\/p>\n","protected":false},"excerpt":{"rendered":"<p>Despu\u00e9s de su accidente en Millville, Adam Cianciarulo ha tirado la toalla a rega\u00f1adientes en&#8230;<\/p>\n","protected":false},"author":2,"featured_media":53292,"comment_status":"open","ping_status":"open","sticky":false,"template":"","format":"standard","meta":{"om_disable_all_campaigns":false,"_monsterinsights_skip_tracking":false,"_monsterinsights_sitenote_active":false,"_monsterinsights_sitenote_note":"","_monsterinsights_sitenote_category":0,"_uf_show_specific_survey":0,"_uf_disable_surveys":false,"footnotes":""},"categories":[25,38],"tags":[],"class_list":["post-53289","post","type-post","status-publish","format-standard","has-post-thumbnail","hentry","category-ama-motocross","category-hot-news"],"aioseo_notices":[],"_links":{"self":[{"href":"https:\/\/www.crossprensa.com.ar\/news\/wp-json\/wp\/v2\/posts\/53289","targetHints":{"allow":["GET"]}}],"collection":[{"href":"https:\/\/www.crossprensa.com.ar\/news\/wp-json\/wp\/v2\/posts"}],"about":[{"href":"https:\/\/www.crossprensa.com.ar\/news\/wp-json\/wp\/v2\/types\/post"}],"author":[{"embeddable":true,"href":"https:\/\/www.crossprensa.com.ar\/news\/wp-json\/wp\/v2\/users\/2"}],"replies":[{"embeddable":true,"href":"https:\/\/www.crossprensa.com.ar\/news\/wp-json\/wp\/v2\/comments?post=53289"}],"version-history":[{"count":2,"href":"https:\/\/www.crossprensa.com.ar\/news\/wp-json\/wp\/v2\/posts\/53289\/revisions"}],"predecessor-version":[{"id":53293,"href":"https:\/\/www.crossprensa.com.ar\/news\/wp-json\/wp\/v2\/posts\/53289\/revisions\/53293"}],"wp:featuredmedia":[{"embeddable":true,"href":"https:\/\/www.crossprensa.com.ar\/news\/wp-json\/wp\/v2\/media\/53292"}],"wp:attachment":[{"href":"https:\/\/www.crossprensa.com.ar\/news\/wp-json\/wp\/v2\/media?parent=53289"}],"wp:term":[{"taxonomy":"category","embeddable":true,"href":"https:\/\/www.crossprensa.com.ar\/news\/wp-json\/wp\/v2\/categories?post=53289"},{"taxonomy":"post_tag","embeddable":true,"href":"https:\/\/www.crossprensa.com.ar\/news\/wp-json\/wp\/v2\/tags?post=53289"}],"curies":[{"name":"wp","href":"https:\/\/api.w.org\/{rel}","templated":true}]}}