{"id":53181,"date":"2021-07-15T12:22:43","date_gmt":"2021-07-15T15:22:43","guid":{"rendered":"http:\/\/www.crossprensa.com.ar\/news\/?p=53181"},"modified":"2021-07-15T12:22:43","modified_gmt":"2021-07-15T15:22:43","slug":"vuelve-la-actividad-en-entre-rios-endurocross-en-colon","status":"publish","type":"post","link":"https:\/\/www.crossprensa.com.ar\/news\/vuelve-la-actividad-en-entre-rios-endurocross-en-colon\/hot-news\/","title":{"rendered":"VUELVE LA ACTIVIDAD EN ENTRE R\u00cdOS! ENDUROCROSS EN COLON"},"content":{"rendered":"<p>En la noche del Mi\u00e9rcoles, recibimos un llamado de Sebasti\u00e1n Follonier anunciando que volv\u00eda la actividad en Entre R\u00edos, y que con mucha felicidad podemos anunciar. Mucha espera, mucha ansiedad y ganas contenidas de volver a subirse a la moto de carrera! Ahora ya pueden lavarlas, dejarlas listas y volver a la pista&#8230;<\/p>\n<p><!--more--><\/p>\n<div dir=\"auto\">Se confirma la primera fecha del nuevo campeonato de ENDUCROSS en el circuito el CABURE de la localidad de COL\u00d3N los d\u00edas s\u00e1bado 30\/7 y domingo 1\/8!!<\/div>\n<div dir=\"auto\">Un c\u00edrcuito ideal para el desarrollo de la actividad que cuenta con un suelo arenoso!!<\/div>\n<div dir=\"auto\"><span class=\"pq6dq46d tbxw36s4 knj5qynh kvgmc6g5 ditlmg2l oygrvhab nvdbi5me sf5mxxl7 gl3lb2sf hhz5lgdu\"><img decoding=\"async\" src=\"https:\/\/www.facebook.com\/images\/emoji.php\/v9\/t33\/1\/16\/2705.png\" alt=\"&#x2705;\" width=\"16\" height=\"16\" \/><\/span> Categor\u00eda de motos<\/div>\n<div dir=\"auto\"><span class=\"pq6dq46d tbxw36s4 knj5qynh kvgmc6g5 ditlmg2l oygrvhab nvdbi5me sf5mxxl7 gl3lb2sf hhz5lgdu\"><img decoding=\"async\" src=\"https:\/\/www.facebook.com\/images\/emoji.php\/v9\/t33\/1\/16\/2705.png\" alt=\"&#x2705;\" width=\"16\" height=\"16\" \/><\/span> Categor\u00edas de quad<\/div>\n<div dir=\"auto\"><span class=\"pq6dq46d tbxw36s4 knj5qynh kvgmc6g5 ditlmg2l oygrvhab nvdbi5me sf5mxxl7 gl3lb2sf hhz5lgdu\"><img decoding=\"async\" src=\"https:\/\/www.facebook.com\/images\/emoji.php\/v9\/t33\/1\/16\/2705.png\" alt=\"&#x2705;\" width=\"16\" height=\"16\" \/><\/span> Largada con partidores<\/div>\n<div dir=\"auto\">Organizaci\u00f3n: CABURE<\/div>\n<div dir=\"auto\">Fiscalizaci\u00f3n: ACIMDER<\/div>\n<div dir=\"auto\">COLON ENTRE R\u00cdOS!!<\/div>\n<div dir=\"auto\">Contacto: 3442-526244 \/ 2214978256<\/div>\n","protected":false},"excerpt":{"rendered":"<p>En la noche del Mi\u00e9rcoles, recibimos un llamado de Sebasti\u00e1n Follonier anunciando que volv\u00eda la&#8230;<\/p>\n","protected":false},"author":2,"featured_media":0,"comment_status":"open","ping_status":"open","sticky":false,"template":"","format":"standard","meta":{"om_disable_all_campaigns":false,"_monsterinsights_skip_tracking":false,"_monsterinsights_sitenote_active":false,"_monsterinsights_sitenote_note":"","_monsterinsights_sitenote_category":0,"_uf_show_specific_survey":0,"_uf_disable_surveys":false,"footnotes":""},"categories":[38],"tags":[],"class_list":["post-53181","post","type-post","status-publish","format-standard","hentry","category-hot-news"],"aioseo_notices":[],"_links":{"self":[{"href":"https:\/\/www.crossprensa.com.ar\/news\/wp-json\/wp\/v2\/posts\/53181","targetHints":{"allow":["GET"]}}],"collection":[{"href":"https:\/\/www.crossprensa.com.ar\/news\/wp-json\/wp\/v2\/posts"}],"about":[{"href":"https:\/\/www.crossprensa.com.ar\/news\/wp-json\/wp\/v2\/types\/post"}],"author":[{"embeddable":true,"href":"https:\/\/www.crossprensa.com.ar\/news\/wp-json\/wp\/v2\/users\/2"}],"replies":[{"embeddable":true,"href":"https:\/\/www.crossprensa.com.ar\/news\/wp-json\/wp\/v2\/comments?post=53181"}],"version-history":[{"count":1,"href":"https:\/\/www.crossprensa.com.ar\/news\/wp-json\/wp\/v2\/posts\/53181\/revisions"}],"predecessor-version":[{"id":53183,"href":"https:\/\/www.crossprensa.com.ar\/news\/wp-json\/wp\/v2\/posts\/53181\/revisions\/53183"}],"wp:attachment":[{"href":"https:\/\/www.crossprensa.com.ar\/news\/wp-json\/wp\/v2\/media?parent=53181"}],"wp:term":[{"taxonomy":"category","embeddable":true,"href":"https:\/\/www.crossprensa.com.ar\/news\/wp-json\/wp\/v2\/categories?post=53181"},{"taxonomy":"post_tag","embeddable":true,"href":"https:\/\/www.crossprensa.com.ar\/news\/wp-json\/wp\/v2\/tags?post=53181"}],"curies":[{"name":"wp","href":"https:\/\/api.w.org\/{rel}","templated":true}]}}