{"id":53025,"date":"2021-07-07T21:55:09","date_gmt":"2021-07-08T00:55:09","guid":{"rendered":"http:\/\/www.crossprensa.com.ar\/news\/?p=53025"},"modified":"2021-07-07T21:55:09","modified_gmt":"2021-07-08T00:55:09","slug":"mxon-el-equipo-de-ee-uu-confirma-que-asistira-a-mantova","status":"publish","type":"post","link":"https:\/\/www.crossprensa.com.ar\/news\/mxon-el-equipo-de-ee-uu-confirma-que-asistira-a-mantova\/motocross-de-las-naciones\/","title":{"rendered":"MXON: el equipo de EE. UU. Confirma que asistir\u00e1 a Mantova"},"content":{"rendered":"<p><strong><span>El Motocross de las Naciones volver\u00e1 al calendario este a\u00f1o y tendr\u00e1 lugar en Mantova, Italia, el 25 y 26 de septiembre, despu\u00e9s de que se cancelara el MXON de 2020. USA vuelve a poner en guardia al resto del Mundo. Cortar\u00e1n la racha este 2021?<\/span><\/strong><\/p>\n<p><!--more--><\/p>\n<p><span>Aunque parezca tonter\u00eda, la temporada de &#8220;presentaciones&#8221; ya ha comenzado con la buena noticia del Team de EE. UU. Confirmando que enviar\u00e1n un equipo de motocross de naciones al evento de este a\u00f1o.<\/span><\/p>\n<p><span>El director de carreras de AMA, Mike Pelletier, declar\u00f3 que los comentarios de los pilotos y los equipos han sido buenos en lo que respecta a enviar un equipo al evento de este a\u00f1o, lo que significa que se pod\u00eda ver a Aaron Plessinger, Eli Tomac, Adam Cianciarulo y una mezcla de otros pilotos se dirigen a Italia para completar la alineaci\u00f3n del equipo de EE. UU. La confirmaci\u00f3n real de los nombres &#8220;oficiales&#8221; est\u00e1 siempre supeditada a que no existan lesiones previas a la carrera, por lo que resta saber quienes ser\u00e1n los suplentes.\u00a0<\/span><\/p>\n<p>Ampliaremos.<\/p>\n<p>&nbsp;<\/p>\n","protected":false},"excerpt":{"rendered":"<p>El Motocross de las Naciones volver\u00e1 al calendario este a\u00f1o y tendr\u00e1 lugar en Mantova,&#8230;<\/p>\n","protected":false},"author":2,"featured_media":0,"comment_status":"open","ping_status":"open","sticky":false,"template":"","format":"standard","meta":{"om_disable_all_campaigns":false,"_monsterinsights_skip_tracking":false,"_monsterinsights_sitenote_active":false,"_monsterinsights_sitenote_note":"","_monsterinsights_sitenote_category":0,"_uf_show_specific_survey":0,"_uf_disable_surveys":false,"footnotes":""},"categories":[32],"tags":[],"class_list":["post-53025","post","type-post","status-publish","format-standard","hentry","category-motocross-de-las-naciones"],"aioseo_notices":[],"_links":{"self":[{"href":"https:\/\/www.crossprensa.com.ar\/news\/wp-json\/wp\/v2\/posts\/53025","targetHints":{"allow":["GET"]}}],"collection":[{"href":"https:\/\/www.crossprensa.com.ar\/news\/wp-json\/wp\/v2\/posts"}],"about":[{"href":"https:\/\/www.crossprensa.com.ar\/news\/wp-json\/wp\/v2\/types\/post"}],"author":[{"embeddable":true,"href":"https:\/\/www.crossprensa.com.ar\/news\/wp-json\/wp\/v2\/users\/2"}],"replies":[{"embeddable":true,"href":"https:\/\/www.crossprensa.com.ar\/news\/wp-json\/wp\/v2\/comments?post=53025"}],"version-history":[{"count":1,"href":"https:\/\/www.crossprensa.com.ar\/news\/wp-json\/wp\/v2\/posts\/53025\/revisions"}],"predecessor-version":[{"id":53027,"href":"https:\/\/www.crossprensa.com.ar\/news\/wp-json\/wp\/v2\/posts\/53025\/revisions\/53027"}],"wp:attachment":[{"href":"https:\/\/www.crossprensa.com.ar\/news\/wp-json\/wp\/v2\/media?parent=53025"}],"wp:term":[{"taxonomy":"category","embeddable":true,"href":"https:\/\/www.crossprensa.com.ar\/news\/wp-json\/wp\/v2\/categories?post=53025"},{"taxonomy":"post_tag","embeddable":true,"href":"https:\/\/www.crossprensa.com.ar\/news\/wp-json\/wp\/v2\/tags?post=53025"}],"curies":[{"name":"wp","href":"https:\/\/api.w.org\/{rel}","templated":true}]}}