{"id":52732,"date":"2021-06-18T22:41:38","date_gmt":"2021-06-19T01:41:38","guid":{"rendered":"http:\/\/www.crossprensa.com.ar\/news\/?p=52732"},"modified":"2021-06-18T22:41:38","modified_gmt":"2021-06-19T01:41:38","slug":"osborne-fuera-de-carrera-hasta-2022","status":"publish","type":"post","link":"https:\/\/www.crossprensa.com.ar\/news\/osborne-fuera-de-carrera-hasta-2022\/ama-motocross\/","title":{"rendered":"OSBORNE FUERA DE CARRERA HASTA 2022"},"content":{"rendered":"<p><strong>EL CAMPE\u00d3N DE DE 450MX SEGUIR\u00c1 RECUPER\u00c1NDOSE PARA LA TEMPORADA 2022<\/strong><br \/>\n<span>El equipo Rockstar Energy Husqvarna Factory Racing Team anunci\u00f3 hoy que el actual campe\u00f3n de 450MX,\u00a0<\/span><strong><span>Zach Osborne, se perder\u00e1 el resto del Campeonato AMA Pro Motocross 2021<\/span><\/strong><span>\u00a0para recuperarse por completo de una lesi\u00f3n en la espalda.<\/span><\/p>\n<p><!--more--><\/p>\n<p><span>Osborne, quien sufri\u00f3 una lesi\u00f3n en la espalda a mitad del campeonato AMA Supercross 2021, trabaj\u00f3 duro para prepararse para la primera fecha de la temporada al aire libre, pero desafortunadamente se lesion\u00f3 nuevamente en la segunda carrera en Colorado.\u00a0Despu\u00e9s de una revisi\u00f3n adicional con el equipo, Osborne tom\u00f3 la dif\u00edcil decisi\u00f3n de abandonar por el resto de la temporada para recuperarse por completo para 2022.<\/span><\/p>\n<p><strong><span>Zach Osborne:<\/span><\/strong><span>\u00a0\u201cEstoy decepcionado por decir lo menos.\u00a0Esta lesi\u00f3n fue un gran rev\u00e9s sin un camino claro hacia el 100%, pero siento que estoy en el camino correcto ahora y solo necesito darle tiempo a mi cuerpo para sanar.\u00a0Yo, junto con el equipo, tom\u00e9 la decisi\u00f3n de desconectarme y estar listo para 2022. Fue una decisi\u00f3n dif\u00edcil en un a\u00f1o ya dif\u00edcil, pero creo que puedo volver a la forma de 2020 con este tiempo largo para recuperarme.\u00a0\u00a1Gracias a mi equipo y a los aficionados por apoyar de esta manera! &#8220;<\/span><\/p>\n<p><strong><span>Stephen Westfall, director del equipo Rockstar Energy Husqvarna Factory Racing:<\/span><\/strong><span>\u00a0\u201cZach tuvo un problema de espalda durante el SX que lo dej\u00f3 fuera por un tiempo y con mucha rehabilitaci\u00f3n, estar\u00e1 de vuelta al 100%.\u00a0Desafortunadamente, se lesion\u00f3 nuevamente durante la segunda sesi\u00f3n de pr\u00e1ctica libre en Thunder Valley y decidimos como equipo que era mejor para \u00e9l abandonar el resto de la temporada MX para estar 100% listo para la temporada SX del pr\u00f3ximo a\u00f1o.\u00a0\u00a1Sabemos que har\u00e1 lo mejor y lo correcto para estar all\u00ed!\u00a0Todo el equipo Rockstar Energy Husqvarna Factory Racing le desea lo mejor &#8220;.<\/span><\/p>\n","protected":false},"excerpt":{"rendered":"<p>EL CAMPE\u00d3N DE DE 450MX SEGUIR\u00c1 RECUPER\u00c1NDOSE PARA LA TEMPORADA 2022 El equipo Rockstar Energy&#8230;<\/p>\n","protected":false},"author":2,"featured_media":0,"comment_status":"open","ping_status":"open","sticky":false,"template":"","format":"standard","meta":{"om_disable_all_campaigns":false,"_monsterinsights_skip_tracking":false,"_monsterinsights_sitenote_active":false,"_monsterinsights_sitenote_note":"","_monsterinsights_sitenote_category":0,"_uf_show_specific_survey":0,"_uf_disable_surveys":false,"footnotes":""},"categories":[25,30,38],"tags":[],"class_list":["post-52732","post","type-post","status-publish","format-standard","hentry","category-ama-motocross","category-ama-supercross","category-hot-news"],"aioseo_notices":[],"_links":{"self":[{"href":"https:\/\/www.crossprensa.com.ar\/news\/wp-json\/wp\/v2\/posts\/52732","targetHints":{"allow":["GET"]}}],"collection":[{"href":"https:\/\/www.crossprensa.com.ar\/news\/wp-json\/wp\/v2\/posts"}],"about":[{"href":"https:\/\/www.crossprensa.com.ar\/news\/wp-json\/wp\/v2\/types\/post"}],"author":[{"embeddable":true,"href":"https:\/\/www.crossprensa.com.ar\/news\/wp-json\/wp\/v2\/users\/2"}],"replies":[{"embeddable":true,"href":"https:\/\/www.crossprensa.com.ar\/news\/wp-json\/wp\/v2\/comments?post=52732"}],"version-history":[{"count":1,"href":"https:\/\/www.crossprensa.com.ar\/news\/wp-json\/wp\/v2\/posts\/52732\/revisions"}],"predecessor-version":[{"id":52734,"href":"https:\/\/www.crossprensa.com.ar\/news\/wp-json\/wp\/v2\/posts\/52732\/revisions\/52734"}],"wp:attachment":[{"href":"https:\/\/www.crossprensa.com.ar\/news\/wp-json\/wp\/v2\/media?parent=52732"}],"wp:term":[{"taxonomy":"category","embeddable":true,"href":"https:\/\/www.crossprensa.com.ar\/news\/wp-json\/wp\/v2\/categories?post=52732"},{"taxonomy":"post_tag","embeddable":true,"href":"https:\/\/www.crossprensa.com.ar\/news\/wp-json\/wp\/v2\/tags?post=52732"}],"curies":[{"name":"wp","href":"https:\/\/api.w.org\/{rel}","templated":true}]}}