{"id":52563,"date":"2021-06-07T08:04:06","date_gmt":"2021-06-07T11:04:06","guid":{"rendered":"http:\/\/www.crossprensa.com.ar\/news\/?p=52563"},"modified":"2021-06-06T20:10:31","modified_gmt":"2021-06-06T23:10:31","slug":"ama-pro-mx-el-campeon-osborne-fuera-de-carrera","status":"publish","type":"post","link":"https:\/\/www.crossprensa.com.ar\/news\/ama-pro-mx-el-campeon-osborne-fuera-de-carrera\/ama-motocross\/","title":{"rendered":"AMA PRO MX: el campe\u00f3n Osborne fuera de carrera?"},"content":{"rendered":"<p><span>El campeonato 2021 Pro Motocross est\u00e1 comenzando a desmoronarse para el piloto del Rockstar Energy Husqvarna Factory Racing.\u00a0<\/span><span>Jason Anderson abandon\u00f3 las carreras hace<\/span><span>\u00a0un par de d\u00edas, y ahora el futuro inmediato de Zach Osborne parece estar en el aire.\u00a0La lesi\u00f3n en la espalda que oblig\u00f3 a Osborne a abandonar el Supercross en febrero volvi\u00f3 a aparecer en Thunder Valley, lo que hizo que cayera al duod\u00e9cimo lugar en la primera manga y luego se retirara de la segunda muy r\u00e1pido.\u00a0Husqvarna emiti\u00f3 la siguiente declaraci\u00f3n.<\/span><\/p>\n<p><!--more--><\/p>\n<blockquote><p><span>\u201cEl campe\u00f3n defensor de 450MX, Zach Osborne, lleg\u00f3 a la segunda fecha con grandes esperanzas y se coloc\u00f3 en una gran posici\u00f3n de inmediato con un s\u00e9ptimo en la clasificaci\u00f3n.\u00a0En la primera manga, Osborne tuvo una buena largada en cuarto lugar a bordo de su FC 450 Rockstar Edition y estuvo justo detr\u00e1s de la batalla del podio durante la primera mitad de la carrera.\u00a0Sin embargo, las cosas cambiaron cuando sinti\u00f3 que su lesi\u00f3n en la espalda continuaba doliendo durante la manga.\u00a0Profundizando, Osborne termin\u00f3 la primera manga en duod\u00e9cimo lugar, pero finalmente tom\u00f3 la dif\u00edcil decisi\u00f3n de quedarse fuera de la segunda &#8220;.<\/span><\/p><\/blockquote>\n<p><span>Osborne es und\u00e9cimo en la clasificaci\u00f3n de la categor\u00eda reina ahora, 57 puntos por detr\u00e1s del actual l\u00edder del campeonato, Ken Roczen.\u00a0Cuando se lesion\u00f3 la espalda por primera vez, se describi\u00f3 como un &#8220;disco inflamado en la columna lumbar&#8221;.\u00a0Si Osborne est\u00e1 fuera en el futuro previsible, entonces Husqvarna Factory Racing estar\u00e1 representado por Dean Wilson en 450MX.\u00a0Wilson a\u00fan no ha entrado entre los diez primeros en una manga.\u00a0Queda por ver si se necesitar\u00e1 un piloto suplente.\u00a0<\/span><\/p>\n<p>Ampliaremos&#8230;<\/p>\n<p>&nbsp;<\/p>\n","protected":false},"excerpt":{"rendered":"<p>El campeonato 2021 Pro Motocross est\u00e1 comenzando a desmoronarse para el piloto del Rockstar Energy&#8230;<\/p>\n","protected":false},"author":2,"featured_media":52564,"comment_status":"open","ping_status":"open","sticky":false,"template":"","format":"standard","meta":{"om_disable_all_campaigns":false,"_monsterinsights_skip_tracking":false,"_monsterinsights_sitenote_active":false,"_monsterinsights_sitenote_note":"","_monsterinsights_sitenote_category":0,"_uf_show_specific_survey":0,"_uf_disable_surveys":false,"footnotes":""},"categories":[25,38],"tags":[],"class_list":["post-52563","post","type-post","status-publish","format-standard","has-post-thumbnail","hentry","category-ama-motocross","category-hot-news"],"aioseo_notices":[],"_links":{"self":[{"href":"https:\/\/www.crossprensa.com.ar\/news\/wp-json\/wp\/v2\/posts\/52563","targetHints":{"allow":["GET"]}}],"collection":[{"href":"https:\/\/www.crossprensa.com.ar\/news\/wp-json\/wp\/v2\/posts"}],"about":[{"href":"https:\/\/www.crossprensa.com.ar\/news\/wp-json\/wp\/v2\/types\/post"}],"author":[{"embeddable":true,"href":"https:\/\/www.crossprensa.com.ar\/news\/wp-json\/wp\/v2\/users\/2"}],"replies":[{"embeddable":true,"href":"https:\/\/www.crossprensa.com.ar\/news\/wp-json\/wp\/v2\/comments?post=52563"}],"version-history":[{"count":1,"href":"https:\/\/www.crossprensa.com.ar\/news\/wp-json\/wp\/v2\/posts\/52563\/revisions"}],"predecessor-version":[{"id":52565,"href":"https:\/\/www.crossprensa.com.ar\/news\/wp-json\/wp\/v2\/posts\/52563\/revisions\/52565"}],"wp:featuredmedia":[{"embeddable":true,"href":"https:\/\/www.crossprensa.com.ar\/news\/wp-json\/wp\/v2\/media\/52564"}],"wp:attachment":[{"href":"https:\/\/www.crossprensa.com.ar\/news\/wp-json\/wp\/v2\/media?parent=52563"}],"wp:term":[{"taxonomy":"category","embeddable":true,"href":"https:\/\/www.crossprensa.com.ar\/news\/wp-json\/wp\/v2\/categories?post=52563"},{"taxonomy":"post_tag","embeddable":true,"href":"https:\/\/www.crossprensa.com.ar\/news\/wp-json\/wp\/v2\/tags?post=52563"}],"curies":[{"name":"wp","href":"https:\/\/api.w.org\/{rel}","templated":true}]}}