{"id":52487,"date":"2021-06-03T23:13:02","date_gmt":"2021-06-04T02:13:02","guid":{"rendered":"http:\/\/www.crossprensa.com.ar\/news\/?p=52487"},"modified":"2021-06-03T23:13:02","modified_gmt":"2021-06-04T02:13:02","slug":"ama-pro-motocross-golpazo-de-anderson-entrenando","status":"publish","type":"post","link":"https:\/\/www.crossprensa.com.ar\/news\/ama-pro-motocross-golpazo-de-anderson-entrenando\/ama-motocross\/","title":{"rendered":"AMA PRO MOTOCROSS: GOLPAZO DE ANDERSON ENTRENANDO!"},"content":{"rendered":"<p><span>Jason Anderson del equipo<\/span><span>\u00a0Rockstar Energy Husqvarna Factory Racing\u00a0sufri\u00f3 una fractura en la mano derecha luego de un golpe en entrenamientos que realizaba hoy en su estado natal de Nuevo M\u00e9xico.\u00a0Se espera que Anderson se pierda de seis a ocho semanas del Campeonato AMA Pro Motocross 2021.\u00a0<\/span><\/p>\n<p><!--more--><\/p>\n<p>Adem\u00e1s de la mano, perdi\u00f3 varios dientes en el golpe que evidentemente fue muy fuerte.<\/p>\n<p>En el ingreso a un salto, se le cort\u00f3 la cadena de la moto y entr\u00f3 sin tracci\u00f3n obviamente, cayendo de punta y la moto lo larg\u00f3 por arriba del manubrio. Seg\u00fan sus dichos, puede llegar a estar para el final del campeonato, en un a\u00f1o que no fue para nada bueno de #elhombre21<\/p>\n<p>Ampliaremos.<\/p>\n","protected":false},"excerpt":{"rendered":"<p>Jason Anderson del equipo\u00a0Rockstar Energy Husqvarna Factory Racing\u00a0sufri\u00f3 una fractura en la mano derecha luego&#8230;<\/p>\n","protected":false},"author":2,"featured_media":52488,"comment_status":"open","ping_status":"open","sticky":false,"template":"","format":"standard","meta":{"om_disable_all_campaigns":false,"_monsterinsights_skip_tracking":false,"_monsterinsights_sitenote_active":false,"_monsterinsights_sitenote_note":"","_monsterinsights_sitenote_category":0,"_uf_show_specific_survey":0,"_uf_disable_surveys":false,"footnotes":""},"categories":[25,38],"tags":[],"class_list":["post-52487","post","type-post","status-publish","format-standard","has-post-thumbnail","hentry","category-ama-motocross","category-hot-news"],"aioseo_notices":[],"_links":{"self":[{"href":"https:\/\/www.crossprensa.com.ar\/news\/wp-json\/wp\/v2\/posts\/52487","targetHints":{"allow":["GET"]}}],"collection":[{"href":"https:\/\/www.crossprensa.com.ar\/news\/wp-json\/wp\/v2\/posts"}],"about":[{"href":"https:\/\/www.crossprensa.com.ar\/news\/wp-json\/wp\/v2\/types\/post"}],"author":[{"embeddable":true,"href":"https:\/\/www.crossprensa.com.ar\/news\/wp-json\/wp\/v2\/users\/2"}],"replies":[{"embeddable":true,"href":"https:\/\/www.crossprensa.com.ar\/news\/wp-json\/wp\/v2\/comments?post=52487"}],"version-history":[{"count":1,"href":"https:\/\/www.crossprensa.com.ar\/news\/wp-json\/wp\/v2\/posts\/52487\/revisions"}],"predecessor-version":[{"id":52489,"href":"https:\/\/www.crossprensa.com.ar\/news\/wp-json\/wp\/v2\/posts\/52487\/revisions\/52489"}],"wp:featuredmedia":[{"embeddable":true,"href":"https:\/\/www.crossprensa.com.ar\/news\/wp-json\/wp\/v2\/media\/52488"}],"wp:attachment":[{"href":"https:\/\/www.crossprensa.com.ar\/news\/wp-json\/wp\/v2\/media?parent=52487"}],"wp:term":[{"taxonomy":"category","embeddable":true,"href":"https:\/\/www.crossprensa.com.ar\/news\/wp-json\/wp\/v2\/categories?post=52487"},{"taxonomy":"post_tag","embeddable":true,"href":"https:\/\/www.crossprensa.com.ar\/news\/wp-json\/wp\/v2\/tags?post=52487"}],"curies":[{"name":"wp","href":"https:\/\/api.w.org\/{rel}","templated":true}]}}