{"id":52086,"date":"2021-05-05T06:43:24","date_gmt":"2021-05-05T09:43:24","guid":{"rendered":"http:\/\/www.crossprensa.com.ar\/news\/?p=52086"},"modified":"2021-05-05T06:43:24","modified_gmt":"2021-05-05T09:43:24","slug":"ama-mx-alessandro-lupino-a-usa","status":"publish","type":"post","link":"https:\/\/www.crossprensa.com.ar\/news\/ama-mx-alessandro-lupino-a-usa\/mxgp\/","title":{"rendered":"AMA MX: ALESSANDRO LUPINO A USA?"},"content":{"rendered":"<p>Por todos es conocida la noticia que el Campeonato Mundial de Motocross, no comenzar\u00e1 hasta mediados de Junio y antes estar\u00e1 empezando el AMA Motocross, el 29 de Mayo. Por esto, es que probablemente varios pilotos de MXGP vayan a USA para hacer pre temporada. Lupino, ser\u00e1 el primero en anunciarlo?<\/p>\n<p><!--more--><\/p>\n<p><span>Alessandro Lupino ha revelado que tiene una gran noticia que revelar que llegar\u00e1 pronto y parece que competir\u00e1 en una carrera con el n\u00famero 177. \u00bfPodr\u00eda ser este un AMA National?\u00a0<\/span><\/p>\n<p><span>Las dos primeras carreras de los AMA Nationals en Pala y Thunder Valley tienen lugar antes de la fecha uno de MXGP, por lo que incluso podr\u00eda meter dos carreras; los mantendremos informados cuando el italiano d\u00e9 a conocer las noticias.\u00a0<\/span><\/p>\n<p><img fetchpriority=\"high\" decoding=\"async\" class=\"wp-image-52088 size-full aligncenter\" src=\"http:\/\/www.crossprensa.com.ar\/news\/wp-content\/uploads\/2021\/05\/Copia-de-80S-Night-Fly36er-Hecho-con-PosterMyWall.jpg\" alt=\"\" width=\"579\" height=\"434\" \/><\/p>\n<p><a href=\"https:\/\/www.instagram.com\/honda.repuestos\/?hl=en\"><img decoding=\"async\" class=\"alignnone wp-image-51446 size-full\" src=\"http:\/\/www.crossprensa.com.ar\/news\/wp-content\/uploads\/2021\/03\/Sin-t\u00edtulo-7051.jpg\" alt=\"\" width=\"1595\" height=\"174\" \/><\/a><\/p>\n","protected":false},"excerpt":{"rendered":"<p>Por todos es conocida la noticia que el Campeonato Mundial de Motocross, no comenzar\u00e1 hasta&#8230;<\/p>\n","protected":false},"author":2,"featured_media":0,"comment_status":"open","ping_status":"open","sticky":false,"template":"","format":"standard","meta":{"om_disable_all_campaigns":false,"_monsterinsights_skip_tracking":false,"_monsterinsights_sitenote_active":false,"_monsterinsights_sitenote_note":"","_monsterinsights_sitenote_category":0,"_uf_show_specific_survey":0,"_uf_disable_surveys":false,"footnotes":""},"categories":[25,38,24],"tags":[],"class_list":["post-52086","post","type-post","status-publish","format-standard","hentry","category-ama-motocross","category-hot-news","category-mxgp"],"aioseo_notices":[],"_links":{"self":[{"href":"https:\/\/www.crossprensa.com.ar\/news\/wp-json\/wp\/v2\/posts\/52086","targetHints":{"allow":["GET"]}}],"collection":[{"href":"https:\/\/www.crossprensa.com.ar\/news\/wp-json\/wp\/v2\/posts"}],"about":[{"href":"https:\/\/www.crossprensa.com.ar\/news\/wp-json\/wp\/v2\/types\/post"}],"author":[{"embeddable":true,"href":"https:\/\/www.crossprensa.com.ar\/news\/wp-json\/wp\/v2\/users\/2"}],"replies":[{"embeddable":true,"href":"https:\/\/www.crossprensa.com.ar\/news\/wp-json\/wp\/v2\/comments?post=52086"}],"version-history":[{"count":1,"href":"https:\/\/www.crossprensa.com.ar\/news\/wp-json\/wp\/v2\/posts\/52086\/revisions"}],"predecessor-version":[{"id":52089,"href":"https:\/\/www.crossprensa.com.ar\/news\/wp-json\/wp\/v2\/posts\/52086\/revisions\/52089"}],"wp:attachment":[{"href":"https:\/\/www.crossprensa.com.ar\/news\/wp-json\/wp\/v2\/media?parent=52086"}],"wp:term":[{"taxonomy":"category","embeddable":true,"href":"https:\/\/www.crossprensa.com.ar\/news\/wp-json\/wp\/v2\/categories?post=52086"},{"taxonomy":"post_tag","embeddable":true,"href":"https:\/\/www.crossprensa.com.ar\/news\/wp-json\/wp\/v2\/tags?post=52086"}],"curies":[{"name":"wp","href":"https:\/\/api.w.org\/{rel}","templated":true}]}}