{"id":51183,"date":"2021-03-18T20:28:15","date_gmt":"2021-03-18T23:28:15","guid":{"rendered":"http:\/\/www.crossprensa.com.ar\/news\/?p=51183"},"modified":"2021-03-18T20:28:15","modified_gmt":"2021-03-18T23:28:15","slug":"se-retira-dean-ferris","status":"publish","type":"post","link":"https:\/\/www.crossprensa.com.ar\/news\/se-retira-dean-ferris\/mxgp\/","title":{"rendered":"SE RETIRA DEAN FERRIS."},"content":{"rendered":"<p><span>Tras una carrera larga y exitosa, que ha incluido carreras en todo el mundo, Dean Ferris ha anunciado su retiro de las carreras profesionales.\u00a0<\/span><span>Ferris comparti\u00f3 esa noticia en las redes sociales, a trav\u00e9s de la siguiente declaraci\u00f3n, muy sincera.\u00a0<\/span><span>Se insin\u00faa que permanecer\u00e1 en el deporte como entrenador o algo similar.\u00a0<\/span><span>Ferris no ha corrido desde hace alg\u00fan tiempo;\u00a0<\/span><span>se fractur\u00f3 T4, T5, T6 y T7 adem\u00e1s de sufrir 10 costillas rotas.<\/span><\/p>\n<p><!--more--><\/p>\n<div class=\"jl_ads_section\">\n<div id=\"custom_html-23\" class=\"widget_text widget widget_custom_html\">\n<div class=\"textwidget custom-html-widget\">\n<div id=\"div-gpt-ad-159402788491TOP-SINGLE\" data-google-query-id=\"CKnigLrbue8CFRUEuQYdinAJdQ\"><\/div>\n<\/div>\n<\/div>\n<\/div>\n<div class=\"post_content\">\n<p><span>&#8220;<\/span><em><span>Bueno chicos, nunca pens\u00e9 que llegar\u00eda este d\u00eda, pero aqu\u00ed est\u00e1.\u00a0\u00a1Mi carrera profesional en las carreras ha llegado a su fin!\u00a0Me ahogo con l\u00e1grimas mientras escribo esto porque el motocross ha sido mi vida.\u00a0Todo lo que siempre quise hacer cuando era ni\u00f1o fue andar en moto y estoy muy orgulloso de lo lejos que llegu\u00e9.\u00a0El camino fue largo y extremadamente dif\u00edcil, pero vali\u00f3 la pena.\u00a0Sin mencionar las grandes personas, las habilidades para la vida, las lecciones y la exploraci\u00f3n que obtuve a lo largo del camino.\u00a0Hace un tiempo que s\u00e9 que mis d\u00edas de carreras han terminado, pero necesitaba tiempo para ver qu\u00e9 sigue y qu\u00e9 tan involucrado en el motocross quiero estar.\u00a0No importa lo que intente, sigo terminando de regreso en la pista y es muy satisfactorio transmitir mi conocimiento que parec\u00eda tan dif\u00edcil de obtener.\u00a0Entonces me ver\u00e1s en la pista, solo que con un rol diferente.\u00a0Gracias, gracias, gracias a todos los que participaron<\/span><\/em><span>. &#8220;<\/span><\/p>\n<p><span>Ferris es posiblemente mejor conocido por su paso por el equipo de Steve Dixon, en el que gan\u00f3 un Gran Premio (el Gran Premio de B\u00e9lgica en Bastogne en 2013) y sorprendi\u00f3 al mundo con puntuaciones de 4-5 en una YZ250F en el Motocross of Nations 2013.\u00a0Ferris tambi\u00e9n corri\u00f3 para Wilvo Nestaan \u200b\u200bHusqvarna Factory Racing y Red Bull IceOne Husqvarna Factory Racing en Grandes Premios, as\u00ed como para Red Bull KTM Factory Racing y Monster Energy Yamaha Factory Racing en los EE. UU.<\/span><\/p>\n<\/div>\n","protected":false},"excerpt":{"rendered":"<p>Tras una carrera larga y exitosa, que ha incluido carreras en todo el mundo, Dean&#8230;<\/p>\n","protected":false},"author":2,"featured_media":0,"comment_status":"open","ping_status":"open","sticky":false,"template":"","format":"standard","meta":{"om_disable_all_campaigns":false,"_monsterinsights_skip_tracking":false,"_monsterinsights_sitenote_active":false,"_monsterinsights_sitenote_note":"","_monsterinsights_sitenote_category":0,"_uf_show_specific_survey":0,"_uf_disable_surveys":false,"footnotes":""},"categories":[25,38,24],"tags":[],"class_list":["post-51183","post","type-post","status-publish","format-standard","hentry","category-ama-motocross","category-hot-news","category-mxgp"],"aioseo_notices":[],"_links":{"self":[{"href":"https:\/\/www.crossprensa.com.ar\/news\/wp-json\/wp\/v2\/posts\/51183","targetHints":{"allow":["GET"]}}],"collection":[{"href":"https:\/\/www.crossprensa.com.ar\/news\/wp-json\/wp\/v2\/posts"}],"about":[{"href":"https:\/\/www.crossprensa.com.ar\/news\/wp-json\/wp\/v2\/types\/post"}],"author":[{"embeddable":true,"href":"https:\/\/www.crossprensa.com.ar\/news\/wp-json\/wp\/v2\/users\/2"}],"replies":[{"embeddable":true,"href":"https:\/\/www.crossprensa.com.ar\/news\/wp-json\/wp\/v2\/comments?post=51183"}],"version-history":[{"count":1,"href":"https:\/\/www.crossprensa.com.ar\/news\/wp-json\/wp\/v2\/posts\/51183\/revisions"}],"predecessor-version":[{"id":51187,"href":"https:\/\/www.crossprensa.com.ar\/news\/wp-json\/wp\/v2\/posts\/51183\/revisions\/51187"}],"wp:attachment":[{"href":"https:\/\/www.crossprensa.com.ar\/news\/wp-json\/wp\/v2\/media?parent=51183"}],"wp:term":[{"taxonomy":"category","embeddable":true,"href":"https:\/\/www.crossprensa.com.ar\/news\/wp-json\/wp\/v2\/categories?post=51183"},{"taxonomy":"post_tag","embeddable":true,"href":"https:\/\/www.crossprensa.com.ar\/news\/wp-json\/wp\/v2\/tags?post=51183"}],"curies":[{"name":"wp","href":"https:\/\/api.w.org\/{rel}","templated":true}]}}