{"id":50499,"date":"2021-01-31T13:49:14","date_gmt":"2021-01-31T16:49:14","guid":{"rendered":"http:\/\/www.crossprensa.com.ar\/news\/?p=50499"},"modified":"2021-01-31T13:54:07","modified_gmt":"2021-01-31T16:54:07","slug":"ama-sx-indianapolis-250-y-450-en-espanol","status":"publish","type":"post","link":"https:\/\/www.crossprensa.com.ar\/news\/ama-sx-indianapolis-250-y-450-en-espanol\/ama-supercross\/","title":{"rendered":"AMA SX INDIANAPOLIS &#8211; 250 Y 450 EN ESPA\u00d1OL!"},"content":{"rendered":"<p>4ta. fecha del a\u00f1o para las dos categor\u00edas que hoy concentran la atenci\u00f3n mundial sin dudas. En 250, empatados en puntos los dos pilotos de Yamaha. Nichols y Craig sal\u00edan a definir un puntero de campeonato pero con Jet Lawrence y Michael Mosiman afirmados en los primeros lugares. Sorprendi\u00f3 Shimoda con la Kawasaki PC.<\/p>\n<p>450 tuvo su cuarto ganador diferente en las 4 carreras disputadas. Una noche que tuvo a las dos Kawasaki oficiales de Cianciarulo y Tomac como candidatos, pero lo que mostr\u00f3 Roczen desde la clasificaci\u00f3n era un total enfoque para no repetir lo de la carrera anterior en Houston.<\/p>\n<p><!--more--><\/p>\n<h3>250<\/h3>\n<p><img fetchpriority=\"high\" decoding=\"async\" class=\"alignnone wp-image-50326 size-full\" src=\"http:\/\/www.crossprensa.com.ar\/news\/wp-content\/uploads\/2021\/01\/Sin-t\u00edtulo-7048.jpg\" alt=\"\" width=\"1200\" height=\"100\" \/><\/p>\n<div class=\"fb-post\" data-href=\"https:\/\/www.facebook.com\/Crossprensa1\/posts\/1395104070833064\" data-width=\"500\" data-show-text=\"true\">\n<blockquote class=\"fb-xfbml-parse-ignore\" cite=\"https:\/\/www.facebook.com\/Crossprensa1\/posts\/1395104070833064\"><p>Supercross &#8211; RESUMEN EN ESPA\u00d1OL DE INDIANAPOLIS, 4ta. fecha de 2021, para no perderse un segundo!<\/p>\n<p>Publicado por <a href=\"https:\/\/www.facebook.com\/Crossprensa1\">N\u00e9stor Guti\u00e9rrez<\/a> en\u00a0<a href=\"https:\/\/www.facebook.com\/Crossprensa1\/posts\/1395104070833064\">Domingo, 31 de enero de 2021\u00a0\u00a0<\/a><\/p><\/blockquote>\n<\/div>\n<p>&nbsp;<\/p>\n<h3>450<\/h3>\n<p><img decoding=\"async\" class=\"alignnone wp-image-50374 size-full\" src=\"http:\/\/www.crossprensa.com.ar\/news\/wp-content\/uploads\/2021\/01\/Sin-t\u00edtulo-2-1.jpg\" alt=\"\" width=\"1200\" height=\"100\" \/><\/p>\n<div class=\"fb-post\" data-href=\"https:\/\/www.facebook.com\/Crossprensa1\/posts\/1395115117498626\" data-width=\"500\" data-show-text=\"true\">\n<blockquote class=\"fb-xfbml-parse-ignore\" cite=\"https:\/\/www.facebook.com\/Crossprensa1\/posts\/1395115117498626\"><p>Supercross &#8211; Fecha 4 en Indianapolis &#8211; Resumen en espa\u00f1ol de 450.<\/p>\n<p>Publicado por <a href=\"https:\/\/www.facebook.com\/Crossprensa1\">N\u00e9stor Guti\u00e9rrez<\/a> en\u00a0<a href=\"https:\/\/www.facebook.com\/Crossprensa1\/posts\/1395115117498626\">Domingo, 31 de enero de 2021<\/a><\/p><\/blockquote>\n<\/div>\n<p><img decoding=\"async\" class=\"alignnone wp-image-50281 size-full\" src=\"http:\/\/www.crossprensa.com.ar\/news\/wp-content\/uploads\/2021\/01\/Sin-t\u00edtulo-7049.jpg\" alt=\"\" width=\"1600\" height=\"182\" \/><\/p>\n<p>FOTO DE TAPA:\u00a0<a href=\"https:\/\/racerxonline.com\/\">https:\/\/racerxonline.com\/<\/a><\/p>\n","protected":false},"excerpt":{"rendered":"<p>4ta. fecha del a\u00f1o para las dos categor\u00edas que hoy concentran la atenci\u00f3n mundial sin&#8230;<\/p>\n","protected":false},"author":2,"featured_media":0,"comment_status":"open","ping_status":"open","sticky":false,"template":"","format":"standard","meta":{"om_disable_all_campaigns":false,"_monsterinsights_skip_tracking":false,"_monsterinsights_sitenote_active":false,"_monsterinsights_sitenote_note":"","_monsterinsights_sitenote_category":0,"_uf_show_specific_survey":0,"_uf_disable_surveys":false,"footnotes":""},"categories":[30,38],"tags":[],"class_list":["post-50499","post","type-post","status-publish","format-standard","hentry","category-ama-supercross","category-hot-news"],"aioseo_notices":[],"_links":{"self":[{"href":"https:\/\/www.crossprensa.com.ar\/news\/wp-json\/wp\/v2\/posts\/50499","targetHints":{"allow":["GET"]}}],"collection":[{"href":"https:\/\/www.crossprensa.com.ar\/news\/wp-json\/wp\/v2\/posts"}],"about":[{"href":"https:\/\/www.crossprensa.com.ar\/news\/wp-json\/wp\/v2\/types\/post"}],"author":[{"embeddable":true,"href":"https:\/\/www.crossprensa.com.ar\/news\/wp-json\/wp\/v2\/users\/2"}],"replies":[{"embeddable":true,"href":"https:\/\/www.crossprensa.com.ar\/news\/wp-json\/wp\/v2\/comments?post=50499"}],"version-history":[{"count":5,"href":"https:\/\/www.crossprensa.com.ar\/news\/wp-json\/wp\/v2\/posts\/50499\/revisions"}],"predecessor-version":[{"id":50508,"href":"https:\/\/www.crossprensa.com.ar\/news\/wp-json\/wp\/v2\/posts\/50499\/revisions\/50508"}],"wp:attachment":[{"href":"https:\/\/www.crossprensa.com.ar\/news\/wp-json\/wp\/v2\/media?parent=50499"}],"wp:term":[{"taxonomy":"category","embeddable":true,"href":"https:\/\/www.crossprensa.com.ar\/news\/wp-json\/wp\/v2\/categories?post=50499"},{"taxonomy":"post_tag","embeddable":true,"href":"https:\/\/www.crossprensa.com.ar\/news\/wp-json\/wp\/v2\/tags?post=50499"}],"curies":[{"name":"wp","href":"https:\/\/api.w.org\/{rel}","templated":true}]}}