{"id":50427,"date":"2021-01-26T09:28:19","date_gmt":"2021-01-26T12:28:19","guid":{"rendered":"http:\/\/www.crossprensa.com.ar\/news\/?p=50427"},"modified":"2021-01-26T09:28:19","modified_gmt":"2021-01-26T12:28:19","slug":"mario-coll-su-fallecimiento","status":"publish","type":"post","link":"https:\/\/www.crossprensa.com.ar\/news\/mario-coll-su-fallecimiento\/hot-news\/","title":{"rendered":"MARIO COLL, SU FALLECIMIENTO."},"content":{"rendered":"<p>No se hace f\u00e1cil escribir sobre este tipo de noticias tan tristes y sus circunstancias. Mario Coll fue un piloto muy r\u00e1pido, respetado dentro de la pista, querido fuera de ella. Lamentablemente nos golpe\u00f3 un mensaje contando lo sucedido.<\/p>\n<p><!--more--><\/p>\n<p>Un d\u00eda de vacaciones, disfrutando del Jet Sky en familia y sobrevino una descompensaci\u00f3n a causa de una falla card\u00edaca, de la que no pudo salir. As\u00ed de breve, as\u00ed de tr\u00e1gico y duro.<\/p>\n<p>Desde aqu\u00ed les enviamos un enorme abrazo a toda la familia de Mario, y todo el apoyo para superar este momento.<\/p>\n<p>Crossprensa.<\/p>\n","protected":false},"excerpt":{"rendered":"<p>No se hace f\u00e1cil escribir sobre este tipo de noticias tan tristes y sus circunstancias&#8230;.<\/p>\n","protected":false},"author":2,"featured_media":50428,"comment_status":"open","ping_status":"open","sticky":false,"template":"","format":"standard","meta":{"om_disable_all_campaigns":false,"_monsterinsights_skip_tracking":false,"_monsterinsights_sitenote_active":false,"_monsterinsights_sitenote_note":"","_monsterinsights_sitenote_category":0,"_uf_show_specific_survey":0,"_uf_disable_surveys":false,"footnotes":""},"categories":[38],"tags":[],"class_list":["post-50427","post","type-post","status-publish","format-standard","has-post-thumbnail","hentry","category-hot-news"],"aioseo_notices":[],"_links":{"self":[{"href":"https:\/\/www.crossprensa.com.ar\/news\/wp-json\/wp\/v2\/posts\/50427","targetHints":{"allow":["GET"]}}],"collection":[{"href":"https:\/\/www.crossprensa.com.ar\/news\/wp-json\/wp\/v2\/posts"}],"about":[{"href":"https:\/\/www.crossprensa.com.ar\/news\/wp-json\/wp\/v2\/types\/post"}],"author":[{"embeddable":true,"href":"https:\/\/www.crossprensa.com.ar\/news\/wp-json\/wp\/v2\/users\/2"}],"replies":[{"embeddable":true,"href":"https:\/\/www.crossprensa.com.ar\/news\/wp-json\/wp\/v2\/comments?post=50427"}],"version-history":[{"count":1,"href":"https:\/\/www.crossprensa.com.ar\/news\/wp-json\/wp\/v2\/posts\/50427\/revisions"}],"predecessor-version":[{"id":50429,"href":"https:\/\/www.crossprensa.com.ar\/news\/wp-json\/wp\/v2\/posts\/50427\/revisions\/50429"}],"wp:featuredmedia":[{"embeddable":true,"href":"https:\/\/www.crossprensa.com.ar\/news\/wp-json\/wp\/v2\/media\/50428"}],"wp:attachment":[{"href":"https:\/\/www.crossprensa.com.ar\/news\/wp-json\/wp\/v2\/media?parent=50427"}],"wp:term":[{"taxonomy":"category","embeddable":true,"href":"https:\/\/www.crossprensa.com.ar\/news\/wp-json\/wp\/v2\/categories?post=50427"},{"taxonomy":"post_tag","embeddable":true,"href":"https:\/\/www.crossprensa.com.ar\/news\/wp-json\/wp\/v2\/tags?post=50427"}],"curies":[{"name":"wp","href":"https:\/\/api.w.org\/{rel}","templated":true}]}}