{"id":50121,"date":"2021-01-12T20:22:48","date_gmt":"2021-01-12T23:22:48","guid":{"rendered":"http:\/\/www.crossprensa.com.ar\/news\/?p=50121"},"modified":"2021-01-12T20:22:48","modified_gmt":"2021-01-12T23:22:48","slug":"luciano-benavides-actualizacion","status":"publish","type":"post","link":"https:\/\/www.crossprensa.com.ar\/news\/luciano-benavides-actualizacion\/dakar\/","title":{"rendered":"LUCIANO BENAVIDES, ACTUALIZACI\u00d3N."},"content":{"rendered":"<p>En los primeros momentos luego del accidente, las noticias sobre la verdadera gravedad de las lesiones hablaban de fracturas que no ten\u00eda, y fue bastante menor que lo supuesto en principio. Aqu\u00ed, el propio Luciano nos cuenta lo sucedido y las consecuencias.<\/p>\n<p><!--more--><\/p>\n<p>&#8220;El dolor que siento en todo el cuerpo no es ni la mitad del que siento en el coraz\u00f3n con quedar fuera de carrera, en menos de un segundo sin saber c\u00f3mo, una piedra en el camino me saco de atr\u00e1s y termine estrellado en un piso de puras piedras. Horrible la sensaci\u00f3n de sentir como se esfuma todo un a\u00f1o de trabajo, toda la ilusi\u00f3n y las horas de entrenamiento para estar ac\u00e1 en busca de ese sue\u00f1o. Intente levantarme a buscar la moto pero se me hizo imposible continuar con el hombro dislocado y el dolor en las mu\u00f1ecas. Me duele a\u00fan m\u00e1s haberme ca\u00eddo hoy porque fue un d\u00eda en el que sal\u00ed a divertirme, sin pensar en los tiempos, ven\u00eda fluyendo y estaba muy enfocado en mi navegaci\u00f3n sin arriesgarme, hasta ese momento creo que estaba 3ro en el d\u00eda. Pero es as\u00ed, el Dakar te puede golpear muy duro cuando menos te lo imaginas.<\/p>\n<p>De algo estoy muy seguro, voy a trabajar el doble durante el a\u00f1o para volver m\u00e1s fuerte la pr\u00f3xima.<br \/>\nGracias y perd\u00f3n a todo mi equipo\u00a0<a class=\"notranslate\" tabindex=\"0\" href=\"https:\/\/www.instagram.com\/rockstarhusky\/\">@rockstarhusky<\/a>\u00a0por no poder terminar este Dakar, a todas las personas que est\u00e1n conmigo y a los que me env\u00edan fuerzas con sus mensajes &#x1f64c;&#8221;<\/p>\n<p>https:\/\/www.instagram.com\/p\/CJ9Nnk6DY0l\/?utm_source=ig_web_copy_link<\/p>\n<p>https:\/\/www.instagram.com\/p\/CJ9Nnk6DY0l\/?utm_source=ig_web_copy_link<\/p>\n","protected":false},"excerpt":{"rendered":"<p>En los primeros momentos luego del accidente, las noticias sobre la verdadera gravedad de las&#8230;<\/p>\n","protected":false},"author":2,"featured_media":50122,"comment_status":"open","ping_status":"open","sticky":false,"template":"","format":"standard","meta":{"om_disable_all_campaigns":false,"_monsterinsights_skip_tracking":false,"_monsterinsights_sitenote_active":false,"_monsterinsights_sitenote_note":"","_monsterinsights_sitenote_category":0,"_uf_show_specific_survey":0,"_uf_disable_surveys":false,"footnotes":""},"categories":[11,38],"tags":[],"class_list":["post-50121","post","type-post","status-publish","format-standard","has-post-thumbnail","hentry","category-dakar","category-hot-news"],"aioseo_notices":[],"_links":{"self":[{"href":"https:\/\/www.crossprensa.com.ar\/news\/wp-json\/wp\/v2\/posts\/50121","targetHints":{"allow":["GET"]}}],"collection":[{"href":"https:\/\/www.crossprensa.com.ar\/news\/wp-json\/wp\/v2\/posts"}],"about":[{"href":"https:\/\/www.crossprensa.com.ar\/news\/wp-json\/wp\/v2\/types\/post"}],"author":[{"embeddable":true,"href":"https:\/\/www.crossprensa.com.ar\/news\/wp-json\/wp\/v2\/users\/2"}],"replies":[{"embeddable":true,"href":"https:\/\/www.crossprensa.com.ar\/news\/wp-json\/wp\/v2\/comments?post=50121"}],"version-history":[{"count":1,"href":"https:\/\/www.crossprensa.com.ar\/news\/wp-json\/wp\/v2\/posts\/50121\/revisions"}],"predecessor-version":[{"id":50123,"href":"https:\/\/www.crossprensa.com.ar\/news\/wp-json\/wp\/v2\/posts\/50121\/revisions\/50123"}],"wp:featuredmedia":[{"embeddable":true,"href":"https:\/\/www.crossprensa.com.ar\/news\/wp-json\/wp\/v2\/media\/50122"}],"wp:attachment":[{"href":"https:\/\/www.crossprensa.com.ar\/news\/wp-json\/wp\/v2\/media?parent=50121"}],"wp:term":[{"taxonomy":"category","embeddable":true,"href":"https:\/\/www.crossprensa.com.ar\/news\/wp-json\/wp\/v2\/categories?post=50121"},{"taxonomy":"post_tag","embeddable":true,"href":"https:\/\/www.crossprensa.com.ar\/news\/wp-json\/wp\/v2\/tags?post=50121"}],"curies":[{"name":"wp","href":"https:\/\/api.w.org\/{rel}","templated":true}]}}