{"id":49994,"date":"2021-01-07T12:41:12","date_gmt":"2021-01-07T15:41:12","guid":{"rendered":"http:\/\/www.crossprensa.com.ar\/news\/?p=49994"},"modified":"2021-01-07T12:41:12","modified_gmt":"2021-01-07T15:41:12","slug":"kevin-benavides-declaraciones-al-finalizar-la-etapa","status":"publish","type":"post","link":"https:\/\/www.crossprensa.com.ar\/news\/kevin-benavides-declaraciones-al-finalizar-la-etapa\/dakar\/","title":{"rendered":"KEVIN BENAVIDES, DECLARACIONES AL FINALIZAR LA ETAPA."},"content":{"rendered":"<p>Es una enorme satisfacci\u00f3n para todos los argentinos tenerlo al salte\u00f1o como dominador en la etapa de hoy y en la clasificaci\u00f3n general de este Dakar 2021 que est\u00e1 siendo dur\u00edsimo para sus protagonistas. Pasada la mitad de la etapa de hoy, Kevin sufri\u00f3 un accidente que no fue tan grave como se anunci\u00f3 en principio, aqu\u00ed los detalles los cuenta el propio piloto.<\/p>\n<p><!--more--><\/p>\n<p>Dijo Kevin Benavides: &#8220;Hoy fue una etapa muy dif\u00edcil y con mucho dolor. En una duna muy grande salt\u00e9 para el otro lado y ca\u00ed en un agujero y arriba de otra duna, entonces impact\u00e9 fuerte y me detuve a 0. En ese impacto golpe\u00e9 el casco contra el gps, romp\u00ed el gps y el casco.\u00a0Por suerte la nariz no est\u00e1 rota, solo lastimada y los tobillos me los dobl\u00e9 tambi\u00e9n en el impacto. Pero bueno, me levant\u00e9 y segu\u00ed empujando, recib\u00ed asistencia en el siguiente refueling y segu\u00ed empujando hasta el final (con bastante dolor), pero bien.\u2063<\/p>\n<p><span class=\"css-901oao css-16my406 r-1qd0xha r-ad9z0x r-bcqeeo r-qvutc0\">Contento por haber ganado la etapa y estar liderando la general, estoy tranquilo y enfocado en seguir haciendo el trabajo del d\u00eda a d\u00eda. Todav\u00eda queda mucho por delante, pero es un lindo sabor estar liderando esta carrera. \u2063 Muchas gracias por toda la fuerza que hacen por mi!&#8221;<\/span><\/p>\n<p>Esta es la nota que los colegas dirigidos por Diego Durruty lograron con el salte\u00f1o ni bien terminaba la etapa v\u00eda Automundo:<\/p>\n<p>&nbsp;<\/p>\n<blockquote class=\"twitter-tweet\">\n<p dir=\"ltr\" lang=\"es\">&#x1f4f9; &#8220;Sin sufrimiento no hay victoria&#8221;, dijo de <a href=\"https:\/\/twitter.com\/kmbenavides?ref_src=twsrc%5Etfw\">@kmbenavides<\/a> tras llegar al campamento de Al Qaisumah, donde termin\u00f3 la etapa 5 del <a href=\"https:\/\/twitter.com\/dakar?ref_src=twsrc%5Etfw\">@Dakar<\/a>. Sin dudas, el esfuerzo vali\u00f3 la pena&#8230;&#x2757;&#xfe0f;La mejor cobertura del <a href=\"https:\/\/twitter.com\/hashtag\/Dakar2021?src=hash&amp;ref_src=twsrc%5Etfw\">#Dakar2021<\/a> en <a href=\"https:\/\/t.co\/9yGbURmNEJ\">https:\/\/t.co\/9yGbURmNEJ<\/a>. <a href=\"https:\/\/twitter.com\/hashtag\/Dakar?src=hash&amp;ref_src=twsrc%5Etfw\">#Dakar<\/a> <a href=\"https:\/\/twitter.com\/hashtag\/DakarRally?src=hash&amp;ref_src=twsrc%5Etfw\">#DakarRally<\/a> <a href=\"https:\/\/twitter.com\/hashtag\/DakarInSaudi?src=hash&amp;ref_src=twsrc%5Etfw\">#DakarInSaudi<\/a> <a href=\"https:\/\/t.co\/f7bH0OgxV6\">pic.twitter.com\/f7bH0OgxV6<\/a><\/p>\n<p>\u2014 Automundo (@AutomundoArg) <a href=\"https:\/\/twitter.com\/AutomundoArg\/status\/1347180771400966144?ref_src=twsrc%5Etfw\">January 7, 2021<\/a><\/p><\/blockquote>\n<p><script async src=\"https:\/\/platform.twitter.com\/widgets.js\" charset=\"utf-8\"><\/script><\/p>\n","protected":false},"excerpt":{"rendered":"<p>Es una enorme satisfacci\u00f3n para todos los argentinos tenerlo al salte\u00f1o como dominador en la&#8230;<\/p>\n","protected":false},"author":2,"featured_media":0,"comment_status":"open","ping_status":"open","sticky":false,"template":"","format":"standard","meta":{"om_disable_all_campaigns":false,"_monsterinsights_skip_tracking":false,"_monsterinsights_sitenote_active":false,"_monsterinsights_sitenote_note":"","_monsterinsights_sitenote_category":0,"_uf_show_specific_survey":0,"_uf_disable_surveys":false,"footnotes":""},"categories":[11,38],"tags":[],"class_list":["post-49994","post","type-post","status-publish","format-standard","hentry","category-dakar","category-hot-news"],"aioseo_notices":[],"_links":{"self":[{"href":"https:\/\/www.crossprensa.com.ar\/news\/wp-json\/wp\/v2\/posts\/49994","targetHints":{"allow":["GET"]}}],"collection":[{"href":"https:\/\/www.crossprensa.com.ar\/news\/wp-json\/wp\/v2\/posts"}],"about":[{"href":"https:\/\/www.crossprensa.com.ar\/news\/wp-json\/wp\/v2\/types\/post"}],"author":[{"embeddable":true,"href":"https:\/\/www.crossprensa.com.ar\/news\/wp-json\/wp\/v2\/users\/2"}],"replies":[{"embeddable":true,"href":"https:\/\/www.crossprensa.com.ar\/news\/wp-json\/wp\/v2\/comments?post=49994"}],"version-history":[{"count":2,"href":"https:\/\/www.crossprensa.com.ar\/news\/wp-json\/wp\/v2\/posts\/49994\/revisions"}],"predecessor-version":[{"id":49996,"href":"https:\/\/www.crossprensa.com.ar\/news\/wp-json\/wp\/v2\/posts\/49994\/revisions\/49996"}],"wp:attachment":[{"href":"https:\/\/www.crossprensa.com.ar\/news\/wp-json\/wp\/v2\/media?parent=49994"}],"wp:term":[{"taxonomy":"category","embeddable":true,"href":"https:\/\/www.crossprensa.com.ar\/news\/wp-json\/wp\/v2\/categories?post=49994"},{"taxonomy":"post_tag","embeddable":true,"href":"https:\/\/www.crossprensa.com.ar\/news\/wp-json\/wp\/v2\/tags?post=49994"}],"curies":[{"name":"wp","href":"https:\/\/api.w.org\/{rel}","templated":true}]}}