{"id":49949,"date":"2021-01-06T07:08:33","date_gmt":"2021-01-06T10:08:33","guid":{"rendered":"http:\/\/www.crossprensa.com.ar\/news\/?p=49949"},"modified":"2021-01-06T07:08:33","modified_gmt":"2021-01-06T10:08:33","slug":"shane-mcelrath-lesion-en-el-hombro","status":"publish","type":"post","link":"https:\/\/www.crossprensa.com.ar\/news\/shane-mcelrath-lesion-en-el-hombro\/ama-supercross\/","title":{"rendered":"Shane McElrath: Lesi\u00f3n en el hombro"},"content":{"rendered":"<p>Shane McElrath ha anunciado que se perder\u00e1 la primera parte de la Monster Energy Supercross Series 2021 debido a un accidente la semana pasada que dej\u00f3 al piloto del SmarTop \/ Bullfrog Spas \/ MotoConcepts \/ Honda con una separaci\u00f3n de grado tres en la articulaci\u00f3n de su hombro derecho.<\/p>\n<p><!--more--><\/p>\n<p><span>Hay varios niveles en una lesi\u00f3n de la articulaci\u00f3n AC, y la recuperaci\u00f3n puede variar desde un simple descanso hasta una cirug\u00eda completa.\u00a0Una separaci\u00f3n de grado tres se puede manejar con terapia, un proceso que McElrath ya ha comenzado en el sur de California, y es posible que regrese en cuesti\u00f3n de semanas.<\/span><\/p>\n<p><span>Nunca es un buen momento para lesionarse, y eso es especialmente cierto con el calendario apretado que se ha establecido para la temporada 2021.\u00a0Incluso si McElrath solo se pierde la parte de Houston de la temporada, anotar\u00e1 cero puntos en tres carreras de un campeonato de 17 competencias.<\/span><\/p>\n<p><span>La temporada 2021 ser\u00e1 el a\u00f1o de novato de McElrath en la 450.\u00a0Un total de puntos combinados durante los \u00faltimos a\u00f1os en la 250 lo coloc\u00f3 por encima del umbral de elegibilidad.\u00a0Despu\u00e9s de un per\u00edodo de negociaci\u00f3n con varios equipos, McElrath firm\u00f3 un contrato de un a\u00f1o con el equipo MCR para competir en todas las fechas de SX y MX seleccionadas.<\/span><\/p>\n","protected":false},"excerpt":{"rendered":"<p>Shane McElrath ha anunciado que se perder\u00e1 la primera parte de la Monster Energy Supercross&#8230;<\/p>\n","protected":false},"author":2,"featured_media":0,"comment_status":"open","ping_status":"open","sticky":false,"template":"","format":"standard","meta":{"om_disable_all_campaigns":false,"_monsterinsights_skip_tracking":false,"_monsterinsights_sitenote_active":false,"_monsterinsights_sitenote_note":"","_monsterinsights_sitenote_category":0,"_uf_show_specific_survey":0,"_uf_disable_surveys":false,"footnotes":""},"categories":[30,38],"tags":[],"class_list":["post-49949","post","type-post","status-publish","format-standard","hentry","category-ama-supercross","category-hot-news"],"aioseo_notices":[],"_links":{"self":[{"href":"https:\/\/www.crossprensa.com.ar\/news\/wp-json\/wp\/v2\/posts\/49949","targetHints":{"allow":["GET"]}}],"collection":[{"href":"https:\/\/www.crossprensa.com.ar\/news\/wp-json\/wp\/v2\/posts"}],"about":[{"href":"https:\/\/www.crossprensa.com.ar\/news\/wp-json\/wp\/v2\/types\/post"}],"author":[{"embeddable":true,"href":"https:\/\/www.crossprensa.com.ar\/news\/wp-json\/wp\/v2\/users\/2"}],"replies":[{"embeddable":true,"href":"https:\/\/www.crossprensa.com.ar\/news\/wp-json\/wp\/v2\/comments?post=49949"}],"version-history":[{"count":1,"href":"https:\/\/www.crossprensa.com.ar\/news\/wp-json\/wp\/v2\/posts\/49949\/revisions"}],"predecessor-version":[{"id":49951,"href":"https:\/\/www.crossprensa.com.ar\/news\/wp-json\/wp\/v2\/posts\/49949\/revisions\/49951"}],"wp:attachment":[{"href":"https:\/\/www.crossprensa.com.ar\/news\/wp-json\/wp\/v2\/media?parent=49949"}],"wp:term":[{"taxonomy":"category","embeddable":true,"href":"https:\/\/www.crossprensa.com.ar\/news\/wp-json\/wp\/v2\/categories?post=49949"},{"taxonomy":"post_tag","embeddable":true,"href":"https:\/\/www.crossprensa.com.ar\/news\/wp-json\/wp\/v2\/tags?post=49949"}],"curies":[{"name":"wp","href":"https:\/\/api.w.org\/{rel}","templated":true}]}}