{"id":49929,"date":"2021-01-05T07:06:17","date_gmt":"2021-01-05T10:06:17","guid":{"rendered":"http:\/\/www.crossprensa.com.ar\/news\/?p=49929"},"modified":"2021-01-05T07:06:41","modified_gmt":"2021-01-05T10:06:41","slug":"dakar-a-short-abandona-por-nafta-contaminada","status":"publish","type":"post","link":"https:\/\/www.crossprensa.com.ar\/news\/dakar-a-short-abandona-por-nafta-contaminada\/dakar\/","title":{"rendered":"DAKAR: A. SHORT ABANDONA POR NAFTA CONTAMINADA."},"content":{"rendered":"<p>Ayer a poco de comenzar la 2da. etapa de Dakar, sorprend\u00eda el abandono de Andrew Short porque no se lograba saber que hab\u00eda pasado con el norteamericano del que se esperaban buenas actuaciones sobre la Yamaha, con la que hab\u00eda entrenado mucho durante todo el a\u00f1o. Decepci\u00f3n para \u00e9l y para el equipo.<\/p>\n<p><!--more--><\/p>\n<p>A poco de haber hecho el repostaje, la moto de Short comenz\u00f3 a tener fallas hasta detenerse y a pesar de los esfuerzos del ex piloto del Ama Supercross, fue imposible volver a ponerla en marcha y se vio obligado a abandonar.<\/p>\n<p>Posteriormente, los mec\u00e1nicos desarman la moto para ver cual hab\u00eda sido la falla y descubren la desagradable sorpresa de que el combustible provisto por la organizaci\u00f3n ten\u00eda una mas que considerable cantidad de agua, que se hab\u00eda metido obviamente en el tanque, y en la bomba de combustible, provocando que el motor se detenga.<\/p>\n<p>Tambi\u00e9n se encontr\u00f3 agua en el tanque de la moto de Franco Caimi pero con la suerte de que la moto del piloto argentino no se detuvo y pudo terminar la etapa.<\/p>\n<p>Como el combustible hab\u00eda sido provisto por la organizaci\u00f3n, y adem\u00e1s se coloc\u00f3 desde una lata nueva al tanque de Short, el equipo present\u00f3 una solicitud donde ped\u00edan que se congelara la clasificaci\u00f3n en el checkpoint 2, solicitud que fue rechazada por la ASO, y de esa forma Short qued\u00f3 fuera de carrera.<\/p>\n<p><img fetchpriority=\"high\" decoding=\"async\" class=\"aligncenter wp-image-49934 size-full\" src=\"http:\/\/www.crossprensa.com.ar\/news\/wp-content\/uploads\/2021\/01\/Sin-t\u00edtulo-7069.jpg\" alt=\"\" width=\"549\" height=\"380\" \/><\/p>\n<p>Debido a la contaminaci\u00f3n del combustible, los tanques de las 4 motos restantes fueron drenados y se cambiaron las 4 bombas de combustible antes de largar la 3ra. etapa.<\/p>\n<p>Dijo ALEXANDRE KOWALSKI, Manager Yamaha Europa Off Road Racing:<\/p>\n<p><em>&#8220;Estoy muy triste y decepcionado por Andrew. Ha invertido tanto tiempo y energ\u00eda en prepararse para el Rally Dakar! Era el primero en nuestro equipo y ten\u00edamos muchas esperanzas de verlo pelear por los puestos de vanguardia. Ayer Andrew puso combustible en la segunda parada de reabastecimiento de una lata nueva, y este combustible estaba evidentemente contaminado con agua que termin\u00f3 en su tanque. Verlo obligado a abandonar este rally, despu\u00e9s de su gran preparaci\u00f3n y la del equipo, por algo que estaba absolutamente por fuera de nuestro control, es muy frustrante. Como el combustible contaminado fue suministrado por la organizaci\u00f3n, presentamos una solicitud ante la FIM para que se congelara la clasificaci\u00f3n, y de esa forma Andrew hubiese podido seguir en carrera, pero no fue aceptada. Esto fue muy frustrante para todos, pero la carrera contin\u00faa y ahora debemos concentrarnos en los 4 pilotos que a\u00fan tenemos dentro de Dakar, todos est\u00e1n haciendo un gran trabajo y presionaremos hasta el final&#8230;&#8221;<\/em><\/p>\n","protected":false},"excerpt":{"rendered":"<p>Ayer a poco de comenzar la 2da. etapa de Dakar, sorprend\u00eda el abandono de Andrew&#8230;<\/p>\n","protected":false},"author":2,"featured_media":0,"comment_status":"open","ping_status":"open","sticky":false,"template":"","format":"standard","meta":{"om_disable_all_campaigns":false,"_monsterinsights_skip_tracking":false,"_monsterinsights_sitenote_active":false,"_monsterinsights_sitenote_note":"","_monsterinsights_sitenote_category":0,"_uf_show_specific_survey":0,"_uf_disable_surveys":false,"footnotes":""},"categories":[11,38],"tags":[],"class_list":["post-49929","post","type-post","status-publish","format-standard","hentry","category-dakar","category-hot-news"],"aioseo_notices":[],"_links":{"self":[{"href":"https:\/\/www.crossprensa.com.ar\/news\/wp-json\/wp\/v2\/posts\/49929","targetHints":{"allow":["GET"]}}],"collection":[{"href":"https:\/\/www.crossprensa.com.ar\/news\/wp-json\/wp\/v2\/posts"}],"about":[{"href":"https:\/\/www.crossprensa.com.ar\/news\/wp-json\/wp\/v2\/types\/post"}],"author":[{"embeddable":true,"href":"https:\/\/www.crossprensa.com.ar\/news\/wp-json\/wp\/v2\/users\/2"}],"replies":[{"embeddable":true,"href":"https:\/\/www.crossprensa.com.ar\/news\/wp-json\/wp\/v2\/comments?post=49929"}],"version-history":[{"count":1,"href":"https:\/\/www.crossprensa.com.ar\/news\/wp-json\/wp\/v2\/posts\/49929\/revisions"}],"predecessor-version":[{"id":49935,"href":"https:\/\/www.crossprensa.com.ar\/news\/wp-json\/wp\/v2\/posts\/49929\/revisions\/49935"}],"wp:attachment":[{"href":"https:\/\/www.crossprensa.com.ar\/news\/wp-json\/wp\/v2\/media?parent=49929"}],"wp:term":[{"taxonomy":"category","embeddable":true,"href":"https:\/\/www.crossprensa.com.ar\/news\/wp-json\/wp\/v2\/categories?post=49929"},{"taxonomy":"post_tag","embeddable":true,"href":"https:\/\/www.crossprensa.com.ar\/news\/wp-json\/wp\/v2\/tags?post=49929"}],"curies":[{"name":"wp","href":"https:\/\/api.w.org\/{rel}","templated":true}]}}