{"id":49773,"date":"2020-12-22T07:24:48","date_gmt":"2020-12-22T10:24:48","guid":{"rendered":"http:\/\/www.crossprensa.com.ar\/news\/?p=49773"},"modified":"2020-12-22T07:24:48","modified_gmt":"2020-12-22T10:24:48","slug":"retro-crossprensa-mx-argentino-en-el-pro-racing-2001","status":"publish","type":"post","link":"https:\/\/www.crossprensa.com.ar\/news\/retro-crossprensa-mx-argentino-en-el-pro-racing-2001\/historia\/","title":{"rendered":"RETRO CROSSPRENSA: MX ARGENTINO EN EL PRO RACING! 2001"},"content":{"rendered":"<p>Terminaba un brillante a\u00f1o para el motocross argentino en el a\u00f1o 2001, en la provincia de C\u00f3rdoba dentro del predio del desaparecido Pro Racing que era maravilloso! Todas las categor\u00edas defin\u00edan campeones que pelearon cada metro de carrera en dos mangas infernales cada una de ellas. Que pelea entre Jerem\u00edas Fern\u00e1ndez y Luis Correa en la categor\u00eda mayor!<\/p>\n<p>Con nuestro trabajo de digitalizaci\u00f3n de archivo estamos recuperando toda esa\u00a0 historia deportiva que queremos quede plasmada y guardada para que nadie se olvide de ning\u00fan protagonista de nuestro deporte&#8230; Disfruten las primeras mangas de 4T, 80cc., 125cc. y 250!<\/p>\n<p><!--more--><\/p>\n<p>&nbsp;<\/p>\n<h3>4 TIEMPOS<\/h3>\n<p><iframe title=\"MX ARGENTINO 2001 PRO RACING - 4T MANGA 1\" width=\"640\" height=\"360\" src=\"https:\/\/www.youtube.com\/embed\/XOGClUJMj_k?start=322&#038;feature=oembed\" frameborder=\"0\" allow=\"accelerometer; autoplay; clipboard-write; encrypted-media; gyroscope; picture-in-picture; web-share\" referrerpolicy=\"strict-origin-when-cross-origin\" allowfullscreen><\/iframe><\/p>\n<h3><a href=\"https:\/\/www.instagram.com\/dunlopmotosargentina\"><img fetchpriority=\"high\" decoding=\"async\" class=\"alignnone wp-image-49664 size-full\" src=\"http:\/\/www.crossprensa.com.ar\/news\/wp-content\/uploads\/2020\/12\/Sin-t\u00edtulo-2.jpg\" alt=\"\" width=\"1595\" height=\"175\" \/><\/a><\/h3>\n<h3>80cc<\/h3>\n<p><iframe title=\"MX ARGENTINO 2001 PRO RACING - 80cc MANGA 1\" width=\"640\" height=\"360\" src=\"https:\/\/www.youtube.com\/embed\/gFWTRIuxm90?feature=oembed\" frameborder=\"0\" allow=\"accelerometer; autoplay; clipboard-write; encrypted-media; gyroscope; picture-in-picture; web-share\" referrerpolicy=\"strict-origin-when-cross-origin\" allowfullscreen><\/iframe><\/p>\n<h3><a href=\"https:\/\/www.foxhead.com.ar\/\"><img decoding=\"async\" class=\"alignnone wp-image-49660 size-full\" src=\"http:\/\/www.crossprensa.com.ar\/news\/wp-content\/uploads\/2020\/12\/Sin-t\u00edtulo-7048-2.jpg\" alt=\"\" width=\"1597\" height=\"178\" \/><\/a><\/h3>\n<h3>125cc<\/h3>\n<p><iframe title=\"MX ARGENTINO 2001 PRO RACING - 125cc MANGA 1\" width=\"640\" height=\"360\" src=\"https:\/\/www.youtube.com\/embed\/Ccq5FCNPxLc?feature=oembed\" frameborder=\"0\" allow=\"accelerometer; autoplay; clipboard-write; encrypted-media; gyroscope; picture-in-picture; web-share\" referrerpolicy=\"strict-origin-when-cross-origin\" allowfullscreen><\/iframe><\/p>\n<h3><a href=\"https:\/\/www.instagram.com\/lcmcovers\/?hl=en\"><img decoding=\"async\" class=\"alignnone wp-image-49774 size-full\" src=\"http:\/\/www.crossprensa.com.ar\/news\/wp-content\/uploads\/2020\/12\/Sin-t\u00edtulo-5.jpg\" alt=\"\" width=\"1594\" height=\"174\" \/><\/a><\/h3>\n<h3>250cc<\/h3>\n<p><iframe title=\"MX ARGENTINO 2001 PRO RACING - 250cc MANGA 1\" width=\"640\" height=\"360\" src=\"https:\/\/www.youtube.com\/embed\/apUtDCYlw7Q?start=121&#038;feature=oembed\" frameborder=\"0\" allow=\"accelerometer; autoplay; clipboard-write; encrypted-media; gyroscope; picture-in-picture; web-share\" referrerpolicy=\"strict-origin-when-cross-origin\" allowfullscreen><\/iframe><\/p>\n<p>Suscribite a Crossprensa, y apoyanos para poder seguir trabajando tan a fondo como lo hicimos durante todo este tiempo, para poder seguir disfrutando del pasado, el presente y el futuro de nuestra pasi\u00f3n!<\/p>\n<p><a href=\"https:\/\/mpago.la\/1T2Wf36\"><img loading=\"lazy\" decoding=\"async\" class=\"wp-image-48487 size-large aligncenter\" src=\"http:\/\/www.crossprensa.com.ar\/news\/wp-content\/uploads\/2020\/09\/003-620x315.jpg\" alt=\"\" width=\"620\" height=\"315\" \/><\/a><\/p>\n","protected":false},"excerpt":{"rendered":"<p>Terminaba un brillante a\u00f1o para el motocross argentino en el a\u00f1o 2001, en la provincia&#8230;<\/p>\n","protected":false},"author":2,"featured_media":49775,"comment_status":"open","ping_status":"open","sticky":false,"template":"","format":"standard","meta":{"om_disable_all_campaigns":false,"_monsterinsights_skip_tracking":false,"_monsterinsights_sitenote_active":false,"_monsterinsights_sitenote_note":"","_monsterinsights_sitenote_category":0,"_uf_show_specific_survey":0,"_uf_disable_surveys":false,"footnotes":""},"categories":[13,38,27],"tags":[],"class_list":["post-49773","post","type-post","status-publish","format-standard","has-post-thumbnail","hentry","category-historia","category-hot-news","category-mx-argentino"],"aioseo_notices":[],"_links":{"self":[{"href":"https:\/\/www.crossprensa.com.ar\/news\/wp-json\/wp\/v2\/posts\/49773","targetHints":{"allow":["GET"]}}],"collection":[{"href":"https:\/\/www.crossprensa.com.ar\/news\/wp-json\/wp\/v2\/posts"}],"about":[{"href":"https:\/\/www.crossprensa.com.ar\/news\/wp-json\/wp\/v2\/types\/post"}],"author":[{"embeddable":true,"href":"https:\/\/www.crossprensa.com.ar\/news\/wp-json\/wp\/v2\/users\/2"}],"replies":[{"embeddable":true,"href":"https:\/\/www.crossprensa.com.ar\/news\/wp-json\/wp\/v2\/comments?post=49773"}],"version-history":[{"count":1,"href":"https:\/\/www.crossprensa.com.ar\/news\/wp-json\/wp\/v2\/posts\/49773\/revisions"}],"predecessor-version":[{"id":49776,"href":"https:\/\/www.crossprensa.com.ar\/news\/wp-json\/wp\/v2\/posts\/49773\/revisions\/49776"}],"wp:featuredmedia":[{"embeddable":true,"href":"https:\/\/www.crossprensa.com.ar\/news\/wp-json\/wp\/v2\/media\/49775"}],"wp:attachment":[{"href":"https:\/\/www.crossprensa.com.ar\/news\/wp-json\/wp\/v2\/media?parent=49773"}],"wp:term":[{"taxonomy":"category","embeddable":true,"href":"https:\/\/www.crossprensa.com.ar\/news\/wp-json\/wp\/v2\/categories?post=49773"},{"taxonomy":"post_tag","embeddable":true,"href":"https:\/\/www.crossprensa.com.ar\/news\/wp-json\/wp\/v2\/tags?post=49773"}],"curies":[{"name":"wp","href":"https:\/\/api.w.org\/{rel}","templated":true}]}}