{"id":49536,"date":"2020-12-02T11:16:35","date_gmt":"2020-12-02T14:16:35","guid":{"rendered":"http:\/\/www.crossprensa.com.ar\/news\/?p=49536"},"modified":"2020-12-02T11:17:12","modified_gmt":"2020-12-02T14:17:12","slug":"retro-crossprensa-mx-argentino-la-250-de-2001","status":"publish","type":"post","link":"https:\/\/www.crossprensa.com.ar\/news\/retro-crossprensa-mx-argentino-la-250-de-2001\/historia\/","title":{"rendered":"RETRO CROSSPRENSA &#8211; MX ARGENTINO: La 250 de 2001."},"content":{"rendered":"<p>El comienzo no fue TAN ordenado como nos hubiese gustado pero sin darnos cuenta le dimos un \u00f3rden de trascendencia importante, para cada carrera. En esta en particular, Jerem\u00edas Fern\u00e1ndez sac\u00f3 su chapa de campe\u00f3n&#8230; pero mejor disfruten las im\u00e1genes y vuelvan a so\u00f1ar: Algunos que estaban sobres las motos, otros que no las vieron. Hasta la publicidad del comienzo cuando las carreras se miraban con padres o abuelos que quiz\u00e1s ya no est\u00e1n. Nostalgia con todo el cari\u00f1o del MX para ustedes!<\/p>\n<p><!--more--><\/p>\n<p><em><strong>Y para tener TODO en tu celular o en tu compu, tablet, smartTV o donde quieras verlo, SUSCRIBITE A CROSSPRENSA! Sab\u00e9s que ac\u00e1 vas a tener lo mejor del motocross actual, del vintage o lo que quieras! Te lo vas a perder?\u00a0<\/strong><\/em><\/p>\n<p><em><strong>Mucho mas barato que una revista!!!<\/strong><\/em><\/p>\n<p>SUSCRIPCI\u00d3N ANUAL<\/p>\n<p><a href=\"https:\/\/mpago.la\/1dGwBi6\"><img decoding=\"async\" class=\"alignnone wp-image-48487 size-medium\" src=\"http:\/\/www.crossprensa.com.ar\/news\/wp-content\/uploads\/2020\/09\/003-300x152.jpg\" alt=\"\" width=\"300\" height=\"152\" \/><\/a><\/p>\n<p>SUSCRIPCI\u00d3N MENSUAL<\/p>\n<p><a href=\"https:\/\/mpago.la\/1T2Wf36\"><img decoding=\"async\" class=\"alignnone wp-image-48487 size-medium\" src=\"http:\/\/www.crossprensa.com.ar\/news\/wp-content\/uploads\/2020\/09\/003-300x152.jpg\" alt=\"\" width=\"300\" height=\"152\" \/><\/a><\/p>\n<p><iframe title=\"MX ARGENTINO - 2001 - CATEGOR\u00cdA 250cc.\" width=\"640\" height=\"360\" src=\"https:\/\/www.youtube.com\/embed\/O98hdHGYwjM?feature=oembed\" frameborder=\"0\" allow=\"accelerometer; autoplay; clipboard-write; encrypted-media; gyroscope; picture-in-picture; web-share\" referrerpolicy=\"strict-origin-when-cross-origin\" allowfullscreen><\/iframe><\/p>\n","protected":false},"excerpt":{"rendered":"<p>El comienzo no fue TAN ordenado como nos hubiese gustado pero sin darnos cuenta le&#8230;<\/p>\n","protected":false},"author":2,"featured_media":49538,"comment_status":"open","ping_status":"open","sticky":false,"template":"","format":"standard","meta":{"om_disable_all_campaigns":false,"_monsterinsights_skip_tracking":false,"_monsterinsights_sitenote_active":false,"_monsterinsights_sitenote_note":"","_monsterinsights_sitenote_category":0,"_uf_show_specific_survey":0,"_uf_disable_surveys":false,"footnotes":""},"categories":[13,38,27],"tags":[],"class_list":["post-49536","post","type-post","status-publish","format-standard","has-post-thumbnail","hentry","category-historia","category-hot-news","category-mx-argentino"],"aioseo_notices":[],"_links":{"self":[{"href":"https:\/\/www.crossprensa.com.ar\/news\/wp-json\/wp\/v2\/posts\/49536","targetHints":{"allow":["GET"]}}],"collection":[{"href":"https:\/\/www.crossprensa.com.ar\/news\/wp-json\/wp\/v2\/posts"}],"about":[{"href":"https:\/\/www.crossprensa.com.ar\/news\/wp-json\/wp\/v2\/types\/post"}],"author":[{"embeddable":true,"href":"https:\/\/www.crossprensa.com.ar\/news\/wp-json\/wp\/v2\/users\/2"}],"replies":[{"embeddable":true,"href":"https:\/\/www.crossprensa.com.ar\/news\/wp-json\/wp\/v2\/comments?post=49536"}],"version-history":[{"count":1,"href":"https:\/\/www.crossprensa.com.ar\/news\/wp-json\/wp\/v2\/posts\/49536\/revisions"}],"predecessor-version":[{"id":49537,"href":"https:\/\/www.crossprensa.com.ar\/news\/wp-json\/wp\/v2\/posts\/49536\/revisions\/49537"}],"wp:featuredmedia":[{"embeddable":true,"href":"https:\/\/www.crossprensa.com.ar\/news\/wp-json\/wp\/v2\/media\/49538"}],"wp:attachment":[{"href":"https:\/\/www.crossprensa.com.ar\/news\/wp-json\/wp\/v2\/media?parent=49536"}],"wp:term":[{"taxonomy":"category","embeddable":true,"href":"https:\/\/www.crossprensa.com.ar\/news\/wp-json\/wp\/v2\/categories?post=49536"},{"taxonomy":"post_tag","embeddable":true,"href":"https:\/\/www.crossprensa.com.ar\/news\/wp-json\/wp\/v2\/tags?post=49536"}],"curies":[{"name":"wp","href":"https:\/\/api.w.org\/{rel}","templated":true}]}}