{"id":49529,"date":"2020-12-01T16:52:12","date_gmt":"2020-12-01T19:52:12","guid":{"rendered":"http:\/\/www.crossprensa.com.ar\/news\/?p=49529"},"modified":"2020-12-01T16:52:12","modified_gmt":"2020-12-01T19:52:12","slug":"ama-sx-los-hermanos-lawrence-en-honda-oficial-para-250","status":"publish","type":"post","link":"https:\/\/www.crossprensa.com.ar\/news\/ama-sx-los-hermanos-lawrence-en-honda-oficial-para-250\/ama-motocross\/","title":{"rendered":"AMA SX: LOS HERMANOS LAWRENCE EN HONDA OFICIAL PARA 250!!!"},"content":{"rendered":"<p><span>El equipo Honda HRC confirm\u00f3 hace momentos su equipo para el pr\u00f3ximo a\u00f1o, que incluye a los hermanos Lawrence.\u00a0<\/span><span>El anuncio oficial de los Estados Unidos se encuentra a continuaci\u00f3n.\u00a0<\/span><span>\u00a1A\u00fan no hay im\u00e1genes de los chicos con sus nuevos colores!<\/span><\/p>\n<p><!--more--><\/p>\n<p><strong><span>TORRANCE, California (1 de diciembre de 2020) &#8211;<\/span><\/strong><span>\u00a0American Honda confirm\u00f3 hoy que su equipo oficial, el equipo Honda HRC, estar\u00e1 compuesto por cuatro pilotos que har\u00e1n campa\u00f1a en dos categorias para la temporada 2021 AMA Supercross \/ AMA Pro Motocross.\u00a0Como se anunci\u00f3 anteriormente, Ken Roczen y Chase Sexton competir\u00e1n a bordo del nuevo CRF450R 2021 en la clase 450.\u00a0Adem\u00e1s, Hunter y Jett Lawrence se unen al equipo para competir con la CRF250R en la divisi\u00f3n de un cuarto de litro.<\/span><\/p>\n<p><span>Roczen, tres veces campe\u00f3n de la AMA y ex campe\u00f3n de la FIM, gan\u00f3 cuatro carreras de AMA Supercross la temporada pasada y termin\u00f3 tercero en la clasificaci\u00f3n final de puntos antes de quedarse fuera de AMA Pro Motocross para concentrarse en recuperarse de los efectos del virus Epstein-Barr.\u00a0Mientras tanto, Sexton defendi\u00f3 con \u00e9xito su corona AMA Supercross 250 East Region con el equipo Factory Connection antes de avanzar a la categor\u00eda reina con el Team Honda HRC para AMA Pro Motocross, en la que gan\u00f3 la fecha final.<\/span><\/p>\n<p><span>Los hermanos australianos Lawrence participaron en Factory Connection en 2020, con Jett ganando la final AMA Pro Motocross y ganando el premio Marty Smith Rookie of the Year.\u00a0En las \u00faltimas temporadas, el Team Honda HRC se ha centrado en la clase 450, pero con la reciente disoluci\u00f3n del Factory Connection Race Team tras una larga y exitosa colaboraci\u00f3n con Honda, el esfuerzo 250 se est\u00e1 absorbiendo en el proyecto interno para 2021. Factory Connection continuar\u00e1 trabajando con Team Honda HRC en varias areas.<\/span><\/p>\n<p><img fetchpriority=\"high\" decoding=\"async\" class=\"alignnone wp-image-49531 size-full\" src=\"http:\/\/www.crossprensa.com.ar\/news\/wp-content\/uploads\/2020\/12\/Sin-t\u00edtulo-7016.jpg\" alt=\"\" width=\"1024\" height=\"495\" \/><\/p>\n<p><span>\u201cLa temporada 2021 llegar\u00e1 pronto y nuestro equipo est\u00e1 trabajando duro para prepararse\u201d, dijo Brandon Wilson, Gerente de Publicidad y Deportes de Motos en American Honda.\u00a0\u201cSi bien lamentamos ver el cierre del equipo de carreras de Factory Connection, nos complace continuar una relaci\u00f3n con su empresa y estamos emocionados de tener una alineaci\u00f3n de pilotos tan talentosa para ambas clases.\u00a0Cuando tambi\u00e9n se tiene en cuenta la s\u00f3lida estructura de nuestro equipo, hay muchas razones para esperar un desempe\u00f1o positivo del equipo Honda HRC el pr\u00f3ximo a\u00f1o &#8220;.<\/span><\/p>\n","protected":false},"excerpt":{"rendered":"<p>El equipo Honda HRC confirm\u00f3 hace momentos su equipo para el pr\u00f3ximo a\u00f1o, que incluye&#8230;<\/p>\n","protected":false},"author":2,"featured_media":49530,"comment_status":"open","ping_status":"open","sticky":false,"template":"","format":"standard","meta":{"om_disable_all_campaigns":false,"_monsterinsights_skip_tracking":false,"_monsterinsights_sitenote_active":false,"_monsterinsights_sitenote_note":"","_monsterinsights_sitenote_category":0,"_uf_show_specific_survey":0,"_uf_disable_surveys":false,"footnotes":""},"categories":[25,30,38],"tags":[],"class_list":["post-49529","post","type-post","status-publish","format-standard","has-post-thumbnail","hentry","category-ama-motocross","category-ama-supercross","category-hot-news"],"aioseo_notices":[],"_links":{"self":[{"href":"https:\/\/www.crossprensa.com.ar\/news\/wp-json\/wp\/v2\/posts\/49529","targetHints":{"allow":["GET"]}}],"collection":[{"href":"https:\/\/www.crossprensa.com.ar\/news\/wp-json\/wp\/v2\/posts"}],"about":[{"href":"https:\/\/www.crossprensa.com.ar\/news\/wp-json\/wp\/v2\/types\/post"}],"author":[{"embeddable":true,"href":"https:\/\/www.crossprensa.com.ar\/news\/wp-json\/wp\/v2\/users\/2"}],"replies":[{"embeddable":true,"href":"https:\/\/www.crossprensa.com.ar\/news\/wp-json\/wp\/v2\/comments?post=49529"}],"version-history":[{"count":1,"href":"https:\/\/www.crossprensa.com.ar\/news\/wp-json\/wp\/v2\/posts\/49529\/revisions"}],"predecessor-version":[{"id":49532,"href":"https:\/\/www.crossprensa.com.ar\/news\/wp-json\/wp\/v2\/posts\/49529\/revisions\/49532"}],"wp:featuredmedia":[{"embeddable":true,"href":"https:\/\/www.crossprensa.com.ar\/news\/wp-json\/wp\/v2\/media\/49530"}],"wp:attachment":[{"href":"https:\/\/www.crossprensa.com.ar\/news\/wp-json\/wp\/v2\/media?parent=49529"}],"wp:term":[{"taxonomy":"category","embeddable":true,"href":"https:\/\/www.crossprensa.com.ar\/news\/wp-json\/wp\/v2\/categories?post=49529"},{"taxonomy":"post_tag","embeddable":true,"href":"https:\/\/www.crossprensa.com.ar\/news\/wp-json\/wp\/v2\/tags?post=49529"}],"curies":[{"name":"wp","href":"https:\/\/api.w.org\/{rel}","templated":true}]}}