{"id":49404,"date":"2020-11-23T09:49:33","date_gmt":"2020-11-23T12:49:33","guid":{"rendered":"http:\/\/www.crossprensa.com.ar\/news\/?p=49404"},"modified":"2020-11-23T10:29:19","modified_gmt":"2020-11-23T13:29:19","slug":"mini-os-dia-1-en-vivo-por-crossprensa","status":"publish","type":"post","link":"https:\/\/www.crossprensa.com.ar\/news\/mini-os-dia-1-en-vivo-por-crossprensa\/hot-news\/","title":{"rendered":"MINI \u00b4OS D\u00cdA 1 &#8211; EN VIVO POR CROSSPRENSA!"},"content":{"rendered":"<p>2300 inscriptos, muchos argentinos entre ellos, y la semana mas intensa del motocross y supercross amateur de USA, la ten\u00e9s EN VIVO y D\u00cdA A D\u00cdA en Crossprensa, como siempre!!!<\/p>\n<p>No te pierdas ni un metro de carrera, con nuestra transmisi\u00f3n en vivo junto a RacerTV!<\/p>\n<p><!--more--><\/p>\n<p><em><strong>Si quer\u00e9s suscribirte a Crossprensa, y apoyarnos para poder seguir informando, es mas barato que comprar una revista! $250 al mes o $2500 el a\u00f1o completo, y vas a tener TODA la informaci\u00f3n al instante en tu celular, con transmisiones en vivo, links de carreras, newsletter, Crossprensa Radio y mucho mas!<\/strong><\/em><\/p>\n<p><em><strong>Te lo vas a perder?<\/strong><\/em><\/p>\n<p>SUSCRIPCI\u00d3N ANUAL<\/p>\n<p><a href=\"https:\/\/mpago.la\/1dGwBi6\"><img decoding=\"async\" class=\"alignnone wp-image-48487 size-medium\" src=\"http:\/\/www.crossprensa.com.ar\/news\/wp-content\/uploads\/2020\/09\/003-300x152.jpg\" alt=\"\" width=\"300\" height=\"152\" \/><\/a><\/p>\n<p>SUSCRIPCI\u00d3N MENSUAL<\/p>\n<p><a href=\"https:\/\/mpago.la\/1T2Wf36\"><img decoding=\"async\" class=\"alignnone wp-image-48487 size-medium\" src=\"http:\/\/www.crossprensa.com.ar\/news\/wp-content\/uploads\/2020\/09\/003-300x152.jpg\" alt=\"\" width=\"300\" height=\"152\" \/><\/a><\/p>\n<p>&nbsp;<\/p>\n<p><iframe id=\"ls_embed_1606135233\" src=\"https:\/\/livestream.com\/accounts\/4689734\/events\/9407056\/player?width=640&amp;height=360&amp;enableInfoAndActivity=true&amp;autoPlay=true&amp;mute=false\" width=\"640\" height=\"360\" frameborder=\"0\" scrolling=\"no\" allowfullscreen=\"allowfullscreen\"> <\/iframe><\/p>\n","protected":false},"excerpt":{"rendered":"<p>2300 inscriptos, muchos argentinos entre ellos, y la semana mas intensa del motocross y supercross&#8230;<\/p>\n","protected":false},"author":2,"featured_media":0,"comment_status":"open","ping_status":"open","sticky":false,"template":"","format":"standard","meta":{"om_disable_all_campaigns":false,"_monsterinsights_skip_tracking":false,"_monsterinsights_sitenote_active":false,"_monsterinsights_sitenote_note":"","_monsterinsights_sitenote_category":0,"_uf_show_specific_survey":0,"_uf_disable_surveys":false,"footnotes":""},"categories":[38],"tags":[],"class_list":["post-49404","post","type-post","status-publish","format-standard","hentry","category-hot-news"],"aioseo_notices":[],"_links":{"self":[{"href":"https:\/\/www.crossprensa.com.ar\/news\/wp-json\/wp\/v2\/posts\/49404","targetHints":{"allow":["GET"]}}],"collection":[{"href":"https:\/\/www.crossprensa.com.ar\/news\/wp-json\/wp\/v2\/posts"}],"about":[{"href":"https:\/\/www.crossprensa.com.ar\/news\/wp-json\/wp\/v2\/types\/post"}],"author":[{"embeddable":true,"href":"https:\/\/www.crossprensa.com.ar\/news\/wp-json\/wp\/v2\/users\/2"}],"replies":[{"embeddable":true,"href":"https:\/\/www.crossprensa.com.ar\/news\/wp-json\/wp\/v2\/comments?post=49404"}],"version-history":[{"count":2,"href":"https:\/\/www.crossprensa.com.ar\/news\/wp-json\/wp\/v2\/posts\/49404\/revisions"}],"predecessor-version":[{"id":49407,"href":"https:\/\/www.crossprensa.com.ar\/news\/wp-json\/wp\/v2\/posts\/49404\/revisions\/49407"}],"wp:attachment":[{"href":"https:\/\/www.crossprensa.com.ar\/news\/wp-json\/wp\/v2\/media?parent=49404"}],"wp:term":[{"taxonomy":"category","embeddable":true,"href":"https:\/\/www.crossprensa.com.ar\/news\/wp-json\/wp\/v2\/categories?post=49404"},{"taxonomy":"post_tag","embeddable":true,"href":"https:\/\/www.crossprensa.com.ar\/news\/wp-json\/wp\/v2\/tags?post=49404"}],"curies":[{"name":"wp","href":"https:\/\/api.w.org\/{rel}","templated":true}]}}