{"id":49327,"date":"2020-11-17T20:06:24","date_gmt":"2020-11-17T23:06:24","guid":{"rendered":"http:\/\/www.crossprensa.com.ar\/news\/?p=49327"},"modified":"2020-11-17T21:26:13","modified_gmt":"2020-11-18T00:26:13","slug":"joey-savatgy-y-justin-bogle-al-rocky-mountain-atv-mc-ktm-wps","status":"publish","type":"post","link":"https:\/\/www.crossprensa.com.ar\/news\/joey-savatgy-y-justin-bogle-al-rocky-mountain-atv-mc-ktm-wps\/ama-motocross\/","title":{"rendered":"JOEY SAVATGY Y JUSTIN BOGLE AL ROCKY MOUNTAIN ATV\/MC-KTM-WPS"},"content":{"rendered":"<p class=\"intro\">Steve Matthes lanz\u00f3 una bomba en RacerX anoche cuando public\u00f3 que hab\u00eda escuchado que\u00a0Blake Baggett\u00a0estaba en Rocky Mountain ATV \/ MC-KTM-WPS y que el # 4 era para ser reemplazado por\u00a0Joey Savatgy.<\/p>\n<p><!--more--><\/p>\n<p class=\"intro\">Mira la bomba de Matthes a continuaci\u00f3n:<\/p>\n<blockquote class=\"twitter-tweet\" data-width=\"550\" data-dnt=\"true\">\n<p lang=\"en\" dir=\"ltr\">Hearing RM ATV KTM is Bogle and Savatgy, to be announced tomorrow. Stay tuned.<\/p>\n<p>&mdash; Steve Matthes (@pulpmx) <a href=\"https:\/\/twitter.com\/pulpmx\/status\/1328451113419345920?ref_src=twsrc%5Etfw\">November 16, 2020<\/a><\/p><\/blockquote>\n<p><script async src=\"https:\/\/platform.twitter.com\/widgets.js\" charset=\"utf-8\"><\/script><\/p>\n<p>Savatgy corri\u00f3 para el equipo JGRMX \/ Yoshimura Suzuki Factory en 2020, aunque se perdi\u00f3 todo el Campeonato Monster Energy AMA Supercross debido a una lesi\u00f3n que sufri\u00f3 en la temporada baja que descarril\u00f3 la mayor parte de sus carreras con el equipo.\u00a0Hab\u00edamos escuchado que Savatgy no regresar\u00eda al equipo JGRMX \/ Yoshimura Suzuki Factory por segundo a\u00f1o y que recientemente prob\u00f3 con SmarTop \/ Bullfrog Spas \/ MotoConcepts Honda.\u00a0Sin embargo, Savatgy no entro en el equipo MCR Honda y luego la noticia la semana pasada de que\u00a0Suzuki hab\u00eda concluido su relaci\u00f3n de carreras con JGRMX\u00a0, el\u00a0equipo JGRMX se vio obligado a cerrar sus puertas\u00a0(nuevamente, no se esperaba que Savatgy regresara).\u00a0Hasta la bomba de Matthes anoche, no hab\u00edamos o\u00eddo hablar de lo que har\u00eda Savatgy en 2021.<\/p>\n<p>Hoy en California, KTM lanza sus equipos de carreras de f\u00e1brica para 2021, y el # 17 de\u00a0Joey Savatgy\u00a0ha encontrado un hogar con el equipo Rocky Mountain ATV \/ MC-KTM-WPS junto a\u00a0Justin Bogle\u00a0.\u00a0Hemos escuchado que el equipo no pudo llegar a un acuerdo con\u00a0Blake Baggett\u00a0para 2021, lo que significa que Savatgy est\u00e1 tomando el lugar de Baggett en el equipo.\u00a0Buscaremos m\u00e1s informaci\u00f3n sobre el tema cuando comience la introducci\u00f3n de hoy.<\/p>\n<p><img decoding=\"async\" src=\"https:\/\/rxi.iscdn.net\/2020\/11\/215189_img_5790.jpeg\" alt=\"Savatgy (derecha) hablando en la introducci\u00f3n de KTM 2021 en la sede de KTM en California esta tarde.\" \/><\/p>\n<h5>Savatgy (derecha) hablando en la introducci\u00f3n de KTM 2021 en la sede de KTM en California esta tarde.<\/h5>\n<p>Durante el evento de esta tarde, Savatgy public\u00f3 una foto de Instagram con la leyenda: &#8220;&#x1f64f;&#x1f3fd;&#x1f64f;&#x1f3fd; vamos &#8230; bendecidos por la oportunidad&#8221;.\u00a0El equipo tambi\u00e9n public\u00f3 una foto de Savatgy en su nuevo ATV \/ MC-KTM-WPS 450 SX-F # 17 Rocky Mountain.<\/p>\n<blockquote class=\"instagram-media\" style=\"background: #FFF; border: 0; border-radius: 3px; box-shadow: 0 0 1px 0 rgba(0,0,0,0.5),0 1px 10px 0 rgba(0,0,0,0.15); margin: 1px; max-width: 540px; min-width: 326px; padding: 0; width: calc(100% - 2px);\" data-instgrm-captioned=\"\" data-instgrm-permalink=\"https:\/\/www.instagram.com\/p\/CHtGEw6DGCL\/?utm_source=ig_embed&amp;utm_campaign=loading\" data-instgrm-version=\"13\">\n<div style=\"padding: 16px;\">\n<p>&nbsp;<\/p>\n<div style=\"display: flex; flex-direction: row; align-items: center;\">\n<div style=\"background-color: #f4f4f4; border-radius: 50%; flex-grow: 0; height: 40px; margin-right: 14px; width: 40px;\"><\/div>\n<div style=\"display: flex; flex-direction: column; flex-grow: 1; justify-content: center;\">\n<div style=\"background-color: #f4f4f4; border-radius: 4px; flex-grow: 0; height: 14px; margin-bottom: 6px; width: 100px;\"><\/div>\n<div style=\"background-color: #f4f4f4; border-radius: 4px; flex-grow: 0; height: 14px; width: 60px;\"><\/div>\n<\/div>\n<\/div>\n<div style=\"padding: 19% 0;\"><\/div>\n<div style=\"display: block; height: 50px; margin: 0 auto 12px; width: 50px;\"><\/div>\n<div style=\"padding-top: 8px;\">\n<div style=\"color: #3897f0; font-family: Arial,sans-serif; font-size: 14px; font-style: normal; font-weight: 550; line-height: 18px;\">Ver esta publicaci\u00f3n en Instagram<\/div>\n<\/div>\n<div style=\"padding: 12.5% 0;\"><\/div>\n<div style=\"display: flex; flex-direction: row; margin-bottom: 14px; align-items: center;\">\n<div>\n<div style=\"background-color: #f4f4f4; border-radius: 50%; height: 12.5px; width: 12.5px; transform: translateX(0px) translateY(7px);\"><\/div>\n<div style=\"background-color: #f4f4f4; height: 12.5px; transform: rotate(-45deg) translateX(3px) translateY(1px); width: 12.5px; flex-grow: 0; margin-right: 14px; margin-left: 2px;\"><\/div>\n<div style=\"background-color: #f4f4f4; border-radius: 50%; height: 12.5px; width: 12.5px; transform: translateX(9px) translateY(-18px);\"><\/div>\n<\/div>\n<div style=\"margin-left: 8px;\">\n<div style=\"background-color: #f4f4f4; border-radius: 50%; flex-grow: 0; height: 20px; width: 20px;\"><\/div>\n<div style=\"width: 0; height: 0; border-top: 2px solid transparent; border-left: 6px solid #f4f4f4; border-bottom: 2px solid transparent; transform: translateX(16px) translateY(-4px) rotate(30deg);\"><\/div>\n<\/div>\n<div style=\"margin-left: auto;\">\n<div style=\"width: 0px; border-top: 8px solid #F4F4F4; border-right: 8px solid transparent; transform: translateY(16px);\"><\/div>\n<div style=\"background-color: #f4f4f4; flex-grow: 0; height: 12px; width: 16px; transform: translateY(-4px);\"><\/div>\n<div style=\"width: 0; height: 0; border-top: 8px solid #F4F4F4; border-left: 8px solid transparent; transform: translateY(-4px) translateX(8px);\"><\/div>\n<\/div>\n<\/div>\n<div style=\"display: flex; flex-direction: column; flex-grow: 1; justify-content: center; margin-bottom: 24px;\">\n<div style=\"background-color: #f4f4f4; border-radius: 4px; flex-grow: 0; height: 14px; margin-bottom: 6px; width: 224px;\"><\/div>\n<div style=\"background-color: #f4f4f4; border-radius: 4px; flex-grow: 0; height: 14px; width: 144px;\"><\/div>\n<\/div>\n<p>&nbsp;<\/p>\n<p style=\"color: #c9c8cd; font-family: Arial,sans-serif; font-size: 14px; line-height: 17px; margin-bottom: 0; margin-top: 8px; overflow: hidden; padding: 8px 0 7px; text-align: center; text-overflow: ellipsis; white-space: nowrap;\"><a style=\"color: #c9c8cd; font-family: Arial,sans-serif; font-size: 14px; font-style: normal; font-weight: normal; line-height: 17px; text-decoration: none;\" href=\"https:\/\/www.instagram.com\/p\/CHtGEw6DGCL\/?utm_source=ig_embed&amp;utm_campaign=loading\" target=\"_blank\" rel=\"noopener\">Una publicaci\u00f3n compartida por Team RMATVMC (@teamrmatvmc)<\/a><\/p>\n<\/div>\n<\/blockquote>\n<p>&nbsp;<\/p>\n<p><em><strong>Si quer\u00e9s suscribirte a Crossprensa, y apoyarnos para poder seguir informando, es mas barato que comprar una revista! $250 al mes o $2500 el a\u00f1o completo, y vas a tener TODA la informaci\u00f3n al instante en tu celular, con transmisiones en vivo, links de carreras, newsletter, Crossprensa Radio y mucho mas!<\/strong><\/em><\/p>\n<p><em><strong>Te lo vas a perder?<\/strong><\/em><\/p>\n<p>SUSCRIPCI\u00d3N ANUAL<\/p>\n<p><a href=\"https:\/\/mpago.la\/1dGwBi6\"><img decoding=\"async\" class=\"alignnone wp-image-48487 size-medium\" src=\"http:\/\/www.crossprensa.com.ar\/news\/wp-content\/uploads\/2020\/09\/003-300x152.jpg\" alt=\"\" width=\"300\" height=\"152\" \/><\/a><\/p>\n<p>SUSCRIPCI\u00d3N MENSUAL<\/p>\n<p><a href=\"https:\/\/mpago.la\/1T2Wf36\"><img decoding=\"async\" class=\"alignnone wp-image-48487 size-medium\" src=\"http:\/\/www.crossprensa.com.ar\/news\/wp-content\/uploads\/2020\/09\/003-300x152.jpg\" alt=\"\" width=\"300\" height=\"152\" \/><\/a><\/p>\n<h4><span style=\"color: #ff0000;\"><strong>Nota: FERMIN GUTIERREZ<\/strong><\/span><\/h4>\n","protected":false},"excerpt":{"rendered":"<p>Steve Matthes lanz\u00f3 una bomba en RacerX anoche cuando public\u00f3 que hab\u00eda escuchado que\u00a0Blake Baggett\u00a0estaba&#8230;<\/p>\n","protected":false},"author":2,"featured_media":49328,"comment_status":"open","ping_status":"open","sticky":false,"template":"","format":"standard","meta":{"om_disable_all_campaigns":false,"_monsterinsights_skip_tracking":false,"_monsterinsights_sitenote_active":false,"_monsterinsights_sitenote_note":"","_monsterinsights_sitenote_category":0,"_uf_show_specific_survey":0,"_uf_disable_surveys":false,"footnotes":""},"categories":[25,30,38],"tags":[],"class_list":["post-49327","post","type-post","status-publish","format-standard","has-post-thumbnail","hentry","category-ama-motocross","category-ama-supercross","category-hot-news"],"aioseo_notices":[],"_links":{"self":[{"href":"https:\/\/www.crossprensa.com.ar\/news\/wp-json\/wp\/v2\/posts\/49327","targetHints":{"allow":["GET"]}}],"collection":[{"href":"https:\/\/www.crossprensa.com.ar\/news\/wp-json\/wp\/v2\/posts"}],"about":[{"href":"https:\/\/www.crossprensa.com.ar\/news\/wp-json\/wp\/v2\/types\/post"}],"author":[{"embeddable":true,"href":"https:\/\/www.crossprensa.com.ar\/news\/wp-json\/wp\/v2\/users\/2"}],"replies":[{"embeddable":true,"href":"https:\/\/www.crossprensa.com.ar\/news\/wp-json\/wp\/v2\/comments?post=49327"}],"version-history":[{"count":4,"href":"https:\/\/www.crossprensa.com.ar\/news\/wp-json\/wp\/v2\/posts\/49327\/revisions"}],"predecessor-version":[{"id":49333,"href":"https:\/\/www.crossprensa.com.ar\/news\/wp-json\/wp\/v2\/posts\/49327\/revisions\/49333"}],"wp:featuredmedia":[{"embeddable":true,"href":"https:\/\/www.crossprensa.com.ar\/news\/wp-json\/wp\/v2\/media\/49328"}],"wp:attachment":[{"href":"https:\/\/www.crossprensa.com.ar\/news\/wp-json\/wp\/v2\/media?parent=49327"}],"wp:term":[{"taxonomy":"category","embeddable":true,"href":"https:\/\/www.crossprensa.com.ar\/news\/wp-json\/wp\/v2\/categories?post=49327"},{"taxonomy":"post_tag","embeddable":true,"href":"https:\/\/www.crossprensa.com.ar\/news\/wp-json\/wp\/v2\/tags?post=49327"}],"curies":[{"name":"wp","href":"https:\/\/api.w.org\/{rel}","templated":true}]}}