{"id":49309,"date":"2020-11-16T16:36:22","date_gmt":"2020-11-16T19:36:22","guid":{"rendered":"http:\/\/www.crossprensa.com.ar\/news\/?p=49309"},"modified":"2020-11-16T16:36:22","modified_gmt":"2020-11-16T19:36:22","slug":"retro-crossprensa-supercross-argentino-1999-m-sanchez-campeon","status":"publish","type":"post","link":"https:\/\/www.crossprensa.com.ar\/news\/retro-crossprensa-supercross-argentino-1999-m-sanchez-campeon\/historia\/","title":{"rendered":"RETRO CROSSPRENSA: SUPERCROSS ARGENTINO 1999 &#8211; M. SANCHEZ CAMPE\u00d3N!"},"content":{"rendered":"<p>Era la \u00faltima noche de Supercross en Villa Carlos Paz. Marcelo S\u00e1nchez se quedaba con el #1 sobre la Husqvarna, pero peleaban el sub campeonato el Chino Freytes y Jerem\u00edas Israel de Chile. Marcelo Rondina relataba para Carburando y Juan Carlos Pujol apoyaba con los comentarios.<\/p>\n<p>La carrera completa, la volv\u00e9s a ver gracias a nuestro archivo y el trabajo que empezamos a hacer de digitalizaci\u00f3n de todo el motocross y supercross argentino. Disfruten!!!<\/p>\n<p><!--more--><\/p>\n<p><em><strong>Si quer\u00e9s suscribirte a Crossprensa, y apoyarnos para poder seguir informando, es mas barato que comprar una revista! $250 al mes o $2500 el a\u00f1o completo, y vas a tener TODA la informaci\u00f3n al instante en tu celular, con transmisiones en vivo, links de carreras, newsletter, Crossprensa Radio y mucho mas!<\/strong><\/em><\/p>\n<p><em><strong>Te lo vas a perder?<\/strong><\/em><\/p>\n<p>SUSCRIPCI\u00d3N ANUAL<\/p>\n<p><a href=\"https:\/\/mpago.la\/1dGwBi6\"><img decoding=\"async\" class=\"alignnone wp-image-48487 size-medium\" src=\"http:\/\/www.crossprensa.com.ar\/news\/wp-content\/uploads\/2020\/09\/003-300x152.jpg\" alt=\"\" width=\"300\" height=\"152\" \/><\/a><\/p>\n<p>SUSCRIPCI\u00d3N MENSUAL<\/p>\n<p><a href=\"https:\/\/mpago.la\/1T2Wf36\"><img decoding=\"async\" class=\"alignnone wp-image-48487 size-medium\" src=\"http:\/\/www.crossprensa.com.ar\/news\/wp-content\/uploads\/2020\/09\/003-300x152.jpg\" alt=\"\" width=\"300\" height=\"152\" \/><\/a><\/p>\n<p><iframe title=\"SUPERCROSS ARGENTINO 1999 EN V.C. PAZ\" width=\"640\" height=\"480\" src=\"https:\/\/www.youtube.com\/embed\/YWFDe-lJ5fI?feature=oembed\" frameborder=\"0\" allow=\"accelerometer; autoplay; clipboard-write; encrypted-media; gyroscope; picture-in-picture; web-share\" referrerpolicy=\"strict-origin-when-cross-origin\" allowfullscreen><\/iframe><\/p>\n","protected":false},"excerpt":{"rendered":"<p>Era la \u00faltima noche de Supercross en Villa Carlos Paz. Marcelo S\u00e1nchez se quedaba con&#8230;<\/p>\n","protected":false},"author":2,"featured_media":49310,"comment_status":"open","ping_status":"open","sticky":false,"template":"","format":"standard","meta":{"om_disable_all_campaigns":false,"_monsterinsights_skip_tracking":false,"_monsterinsights_sitenote_active":false,"_monsterinsights_sitenote_note":"","_monsterinsights_sitenote_category":0,"_uf_show_specific_survey":0,"_uf_disable_surveys":false,"footnotes":""},"categories":[13,38],"tags":[],"class_list":["post-49309","post","type-post","status-publish","format-standard","has-post-thumbnail","hentry","category-historia","category-hot-news"],"aioseo_notices":[],"_links":{"self":[{"href":"https:\/\/www.crossprensa.com.ar\/news\/wp-json\/wp\/v2\/posts\/49309","targetHints":{"allow":["GET"]}}],"collection":[{"href":"https:\/\/www.crossprensa.com.ar\/news\/wp-json\/wp\/v2\/posts"}],"about":[{"href":"https:\/\/www.crossprensa.com.ar\/news\/wp-json\/wp\/v2\/types\/post"}],"author":[{"embeddable":true,"href":"https:\/\/www.crossprensa.com.ar\/news\/wp-json\/wp\/v2\/users\/2"}],"replies":[{"embeddable":true,"href":"https:\/\/www.crossprensa.com.ar\/news\/wp-json\/wp\/v2\/comments?post=49309"}],"version-history":[{"count":2,"href":"https:\/\/www.crossprensa.com.ar\/news\/wp-json\/wp\/v2\/posts\/49309\/revisions"}],"predecessor-version":[{"id":49316,"href":"https:\/\/www.crossprensa.com.ar\/news\/wp-json\/wp\/v2\/posts\/49309\/revisions\/49316"}],"wp:featuredmedia":[{"embeddable":true,"href":"https:\/\/www.crossprensa.com.ar\/news\/wp-json\/wp\/v2\/media\/49310"}],"wp:attachment":[{"href":"https:\/\/www.crossprensa.com.ar\/news\/wp-json\/wp\/v2\/media?parent=49309"}],"wp:term":[{"taxonomy":"category","embeddable":true,"href":"https:\/\/www.crossprensa.com.ar\/news\/wp-json\/wp\/v2\/categories?post=49309"},{"taxonomy":"post_tag","embeddable":true,"href":"https:\/\/www.crossprensa.com.ar\/news\/wp-json\/wp\/v2\/tags?post=49309"}],"curies":[{"name":"wp","href":"https:\/\/api.w.org\/{rel}","templated":true}]}}