{"id":49302,"date":"2020-11-15T23:07:40","date_gmt":"2020-11-16T02:07:40","guid":{"rendered":"http:\/\/www.crossprensa.com.ar\/news\/?p=49302"},"modified":"2020-11-15T23:07:40","modified_gmt":"2020-11-16T02:07:40","slug":"dovisiozo-descarto-correr-mx","status":"publish","type":"post","link":"https:\/\/www.crossprensa.com.ar\/news\/dovisiozo-descarto-correr-mx\/hot-news\/","title":{"rendered":"DOVISIOZO DESCART\u00d3 CORRER MX&#8230;"},"content":{"rendered":"<p>Si lo dijo, si se corri\u00f3 la noticia, pero era poco probable que sucediera en realidad y qued\u00f3 mas como un relleno de noticias con un poco de sensacionalismo. Por lo mismo no dijimos nada cuando todos opinaron al respecto, pero con 35 a\u00f1os de edad no iba a pasar de un comentario por su conocida pasi\u00f3n por esta especialidad. Esto dijo Andrea Dovizioso al respecto.<\/p>\n<p><!--more--><\/p>\n<p><span>La estrella de MotoGP y ganador del Mundial de velocidad, Andrea Dovizioso ha hablado sobre sus objetivos de motocross para 2021 y dice que no se ver\u00e1 una competencia nacional o incluso internacional donde pueda largar.\u00a0El piloto de Ducati de 35 a\u00f1os ha decidido dejar MotoGP la pr\u00f3xima temporada por lo que supuestamente es un a\u00f1o sab\u00e1tico y en el que ya ha manifestado su objetivo de tener m\u00e1s tiempo para correr en motocross.<\/span><\/p>\n<p><span>El italiano es un apasionado de las motos de cross e incluso tuvo que lidiar con una clav\u00edcula rota en un accidente de MX a principios de este verano y antes de que comenzara el final de MotoGP en Espa\u00f1a.<\/span><\/p>\n<p><span>Aunque &#8216;Dovi&#8217; puede competir en el campeonato nacional italiano, el Internazionali D&#8217;Italia o incluso considerar la EMX2T (ganada por tercera vez por Brad Anderson, de 40 a\u00f1os en Italia, la semana pasada), insiste en que todav\u00eda carece de capacidad para competir en ese nivel, a pesar de ser un piloto regular de MX.<\/span><\/p>\n<p><em><strong><span>&#8220;No, no &#8230; \u00a1esto es un sue\u00f1o!&#8221;\u00a0<\/span><\/strong><\/em><span>dijo Dovi.\u00a0<\/span><em><strong><span>\u201cEl motocross es un mundo diferente, especialmente cuando quieres hacerlo a los 35, \u00a1es una historia diferente!\u00a0En motocross est\u00e1n viviendo una situaci\u00f3n extra\u00f1a en este momento porque el nivel de los europeos y el campeonato mundial es una cosa, todos los dem\u00e1s campeonatos est\u00e1n en un nivel completamente diferente.\u00a0Y es imposible quedarse ah\u00ed, y los pilotos que compiten en el campeonato de Europa se est\u00e1n entrenando como para el mundial.\u00a0Entonces, en B\u00e9lgica, en Holanda, all\u00ed se quedan en invierno, tienen muchas horas en la moto, llevan mucho tiempo corriendo, est\u00e1n acostumbrados a correr ese tipo de pista \u201d.<\/span><\/strong><\/em><\/p>\n<p><em><strong><span>\u201c[Para m\u00ed] Esto es un sue\u00f1o, no es posible\u201d,<\/span><\/strong><\/em><span>\u00a0agrega.\u00a0<\/span><em><strong><span>&#8220;El campeonato italiano tambi\u00e9n es duro [pero] hay cuatro categor\u00edas, as\u00ed que si me siento bien har\u00e9 algunas carreras, pero el a\u00f1o que viene, incluso si todo lo que hago es profesionalmente, [el objetivo] ser\u00e1 pasar tiempo con mis amigos y divertirme.\u00a0No se trata de ir all\u00ed y ganar un t\u00edtulo.\u00a0Ir\u00e9 all\u00ed con apoyo, porque tengo suerte, tendr\u00e9 esta oportunidad.\u00a0Pero la mentalidad es completamente diferente.\u00a0El entrenamiento, la forma en que entrenar\u00e9 y me divertir\u00e9, ser\u00e1 de manera profesional porque me gusta hacerlo, no porque tenga que hacerlo \u201d.<\/span><\/strong><\/em><\/p>\n<p><span>Dovizioso es de Forl\u00ec, la ciudad adyacente al circuito de Faenza y donde MXGP celebr\u00f3 una triple corona en 2020. Es uno de los muchos que regularmente compiten en motocross en MotoGP;\u00a0<\/span><strong><span>Marc M\u00e1rquez, Alex M\u00e1rquez, Maverick Vi\u00f1ales, Jack Miller y Fabio Quartararo<\/span><\/strong><span>\u00a0son solo algunos de los nombres que a menudo les encanta &#8220;meterse en la tierra&#8230;&#8221;<\/span><\/p>\n<p>&nbsp;<\/p>\n","protected":false},"excerpt":{"rendered":"<p>Si lo dijo, si se corri\u00f3 la noticia, pero era poco probable que sucediera en&#8230;<\/p>\n","protected":false},"author":2,"featured_media":49303,"comment_status":"open","ping_status":"open","sticky":false,"template":"","format":"standard","meta":{"om_disable_all_campaigns":false,"_monsterinsights_skip_tracking":false,"_monsterinsights_sitenote_active":false,"_monsterinsights_sitenote_note":"","_monsterinsights_sitenote_category":0,"_uf_show_specific_survey":0,"_uf_disable_surveys":false,"footnotes":""},"categories":[38,57],"tags":[],"class_list":["post-49302","post","type-post","status-publish","format-standard","has-post-thumbnail","hentry","category-hot-news","category-motocross"],"aioseo_notices":[],"_links":{"self":[{"href":"https:\/\/www.crossprensa.com.ar\/news\/wp-json\/wp\/v2\/posts\/49302","targetHints":{"allow":["GET"]}}],"collection":[{"href":"https:\/\/www.crossprensa.com.ar\/news\/wp-json\/wp\/v2\/posts"}],"about":[{"href":"https:\/\/www.crossprensa.com.ar\/news\/wp-json\/wp\/v2\/types\/post"}],"author":[{"embeddable":true,"href":"https:\/\/www.crossprensa.com.ar\/news\/wp-json\/wp\/v2\/users\/2"}],"replies":[{"embeddable":true,"href":"https:\/\/www.crossprensa.com.ar\/news\/wp-json\/wp\/v2\/comments?post=49302"}],"version-history":[{"count":1,"href":"https:\/\/www.crossprensa.com.ar\/news\/wp-json\/wp\/v2\/posts\/49302\/revisions"}],"predecessor-version":[{"id":49304,"href":"https:\/\/www.crossprensa.com.ar\/news\/wp-json\/wp\/v2\/posts\/49302\/revisions\/49304"}],"wp:featuredmedia":[{"embeddable":true,"href":"https:\/\/www.crossprensa.com.ar\/news\/wp-json\/wp\/v2\/media\/49303"}],"wp:attachment":[{"href":"https:\/\/www.crossprensa.com.ar\/news\/wp-json\/wp\/v2\/media?parent=49302"}],"wp:term":[{"taxonomy":"category","embeddable":true,"href":"https:\/\/www.crossprensa.com.ar\/news\/wp-json\/wp\/v2\/categories?post=49302"},{"taxonomy":"post_tag","embeddable":true,"href":"https:\/\/www.crossprensa.com.ar\/news\/wp-json\/wp\/v2\/tags?post=49302"}],"curies":[{"name":"wp","href":"https:\/\/api.w.org\/{rel}","templated":true}]}}