{"id":49261,"date":"2020-11-11T07:32:16","date_gmt":"2020-11-11T10:32:16","guid":{"rendered":"http:\/\/www.crossprensa.com.ar\/news\/?p=49261"},"modified":"2020-11-11T07:33:59","modified_gmt":"2020-11-11T10:33:59","slug":"glenn-coldenhoff-con-yamaha-en-2021","status":"publish","type":"post","link":"https:\/\/www.crossprensa.com.ar\/news\/glenn-coldenhoff-con-yamaha-en-2021\/mxgp\/","title":{"rendered":"GLENN COLDENHOFF CON YAMAHA EN 2021."},"content":{"rendered":"<p>Glenn Coldenhoff es uno de esos talentos desaprovechados, a pesar de las opciones que tuvo. Gan\u00f3 carreras, tuvo actuaciones brillantes, le dio este a\u00f1o la primera victoria en la historia de los mundiales a GasGas, y muchas otras cosas en lo deportivo que fueron brillantes! Se merece esta oportunidad!<\/p>\n<p><!--more--><\/p>\n<p>Oriundo de Oss en la provincia de Brabante Septentrional de los Pa\u00edses Bajos, Coldenhoff es un l\u00edder habitual en la serie MXGP.\u00a0A lo largo de su ilustre carrera, el joven de 29 a\u00f1os ha subido al podio 19 veces, incluidas cinco victorias en Grandes Premios.<\/p>\n<p>Adem\u00e1s de su \u00e9xito en Grandes Premios, Coldenhoff jug\u00f3 un papel clave en los resultados de Holanda en el prestigioso Monster Energy Motocross of Nations.\u00a0Coldenhoff ha estado invicto en las &#8220;naciones&#8221; durante los \u00faltimos dos a\u00f1os con memorables victorias 1-1 en los EE. UU. En 2018 y en el TT Circuit Assen en 2019. Gracias a las brillantes actuaciones de Coldenhoff, junto con las excelentes actuaciones de sus dos compa\u00f1eros de equipo, el El equipo holand\u00e9s celebr\u00f3 su primera victoria en el Motocross of Nations frente a su p\u00fablico.<\/p>\n<p>Coldenhoff se est\u00e1 recuperando actualmente de una lesi\u00f3n en el cuello que sufri\u00f3 en un accidente en el MXGP de Flandes en Lommel, B\u00e9lgica.\u00a0El fen\u00f3meno holand\u00e9s ya ha comenzado su rehabilitaci\u00f3n y conf\u00eda en que volver\u00e1 a estar en plena forma y listo para luchar por la victoria del Gran Premio de 2021.<\/p>\n<p><strong>Glenn coldenhoff<\/strong><br \/>\n<strong>Monster Energy Yamaha Factory MXGP Rider<\/strong><br \/>\n\u201cMe siento muy bien recibido por toda la familia Yamaha.\u00a0Desde los primeros momentos que nos conocimos, sent\u00ed que hab\u00eda un equipo muy motivado y ambicioso esper\u00e1ndome.\u00a0Estoy muy agradecido por la oportunidad.\u00a0Creo firmemente que todav\u00eda puedo progresar, ganar carreras y poder luchar por el campeonato.\u00a0S\u00e9 que Yamaha me dar\u00e1 todo para lograr estos objetivos.\u00a0Mi recuperaci\u00f3n va bien y no veo la hora de subirme a la moto pronto \u201d.<\/p>\n<p><strong>Propietario del equipo Louis Vosters<\/strong><br \/>\n<strong>Monster Energy Yamaha Factory MXGP<\/strong><br \/>\n\u201cEs fant\u00e1stico tener a Glenn Coldenhoff en el equipo durante los pr\u00f3ximos a\u00f1os.\u00a0Es un gran piloto que sigue avanzando a\u00f1o tras a\u00f1o.\u00a0Realmente creo que en la estructura de Yamaha con YZ450FM podr\u00e1 lograr los mejores resultados posibles \u201d.<\/p>\n<p><strong>Alexandre kowalski<\/strong><br \/>\n<strong>Yamaha Motor Europe Off-Road Racing Eat<\/strong><br \/>\n\u201cEstamos muy contentos de dar la bienvenida a Glenn al equipo Monster Energy Yamaha Factory MXGP.\u00a0Es un piloto muy profesional, centrado y dedicado que est\u00e1 comprometido con su deporte y es el mejor.\u00a0Tiene mucha experiencia y ha demostrado en innumerables ocasiones durante los \u00faltimos dos a\u00f1os que es capaz de ganar GP, por lo que estamos encantados de darle la bienvenida a la familia Yamaha.\u00a0Se unir\u00e1 al equipo holand\u00e9s Monster Energy Yamaha Factory MXGP junto con Jeremy Seewer y Ben Watson.\u00a0S\u00e9 que Glenn y Jeremy ya tienen una buena relaci\u00f3n, lo que ser\u00e1 genial verlos correr juntos y empujarse mutuamente para ser fuertes en la competitiva clase MXGP.\u00a0Junto con Jeremy, tenemos un equipo s\u00f3lido con mucha experiencia, y eso ser\u00e1 genial para que Ben aprenda y crezca.<\/p>\n","protected":false},"excerpt":{"rendered":"<p>Glenn Coldenhoff es uno de esos talentos desaprovechados, a pesar de las opciones que tuvo&#8230;.<\/p>\n","protected":false},"author":2,"featured_media":49262,"comment_status":"open","ping_status":"open","sticky":false,"template":"","format":"standard","meta":{"om_disable_all_campaigns":false,"_monsterinsights_skip_tracking":false,"_monsterinsights_sitenote_active":false,"_monsterinsights_sitenote_note":"","_monsterinsights_sitenote_category":0,"_uf_show_specific_survey":0,"_uf_disable_surveys":false,"footnotes":""},"categories":[24],"tags":[],"class_list":["post-49261","post","type-post","status-publish","format-standard","has-post-thumbnail","hentry","category-mxgp"],"aioseo_notices":[],"_links":{"self":[{"href":"https:\/\/www.crossprensa.com.ar\/news\/wp-json\/wp\/v2\/posts\/49261","targetHints":{"allow":["GET"]}}],"collection":[{"href":"https:\/\/www.crossprensa.com.ar\/news\/wp-json\/wp\/v2\/posts"}],"about":[{"href":"https:\/\/www.crossprensa.com.ar\/news\/wp-json\/wp\/v2\/types\/post"}],"author":[{"embeddable":true,"href":"https:\/\/www.crossprensa.com.ar\/news\/wp-json\/wp\/v2\/users\/2"}],"replies":[{"embeddable":true,"href":"https:\/\/www.crossprensa.com.ar\/news\/wp-json\/wp\/v2\/comments?post=49261"}],"version-history":[{"count":3,"href":"https:\/\/www.crossprensa.com.ar\/news\/wp-json\/wp\/v2\/posts\/49261\/revisions"}],"predecessor-version":[{"id":49265,"href":"https:\/\/www.crossprensa.com.ar\/news\/wp-json\/wp\/v2\/posts\/49261\/revisions\/49265"}],"wp:featuredmedia":[{"embeddable":true,"href":"https:\/\/www.crossprensa.com.ar\/news\/wp-json\/wp\/v2\/media\/49262"}],"wp:attachment":[{"href":"https:\/\/www.crossprensa.com.ar\/news\/wp-json\/wp\/v2\/media?parent=49261"}],"wp:term":[{"taxonomy":"category","embeddable":true,"href":"https:\/\/www.crossprensa.com.ar\/news\/wp-json\/wp\/v2\/categories?post=49261"},{"taxonomy":"post_tag","embeddable":true,"href":"https:\/\/www.crossprensa.com.ar\/news\/wp-json\/wp\/v2\/tags?post=49261"}],"curies":[{"name":"wp","href":"https:\/\/api.w.org\/{rel}","templated":true}]}}