{"id":48668,"date":"2020-10-02T16:12:23","date_gmt":"2020-10-02T19:12:23","guid":{"rendered":"http:\/\/www.crossprensa.com.ar\/news\/?p=48668"},"modified":"2020-10-02T16:12:23","modified_gmt":"2020-10-02T19:12:23","slug":"retro-raras-yz-490-doble-traccion","status":"publish","type":"post","link":"https:\/\/www.crossprensa.com.ar\/news\/retro-raras-yz-490-doble-traccion\/historia\/","title":{"rendered":"RETRO RARAS&#8230; YZ 490 Doble tracci\u00f3n."},"content":{"rendered":"<p>La idea de la doble tracci\u00f3n en la moto no es nueva, y viene desde antes de la 2da. guerra mundial, pero se siguen haciendo intentos que no prosperan porque siempre hay dos impedimentos que lo complican: Transmitir la potencia a la rueda delantera y el movimiento de la direcci\u00f3n. Esto que van a ver en este video es rar\u00edsimo! y nunca lo hab\u00edamos visto.<\/p>\n<p><!--more--><\/p>\n<p><iframe style=\"border: none; overflow: hidden;\" src=\"https:\/\/www.facebook.com\/plugins\/video.php?href=https%3A%2F%2Fwww.facebook.com%2FCrossprensa%2Fvideos%2F666533220912419%2F&amp;show_text=0&amp;width=560\" width=\"560\" height=\"315\" frameborder=\"0\" scrolling=\"no\" allowfullscreen=\"allowfullscreen\"><\/iframe><\/p>\n","protected":false},"excerpt":{"rendered":"<p>La idea de la doble tracci\u00f3n en la moto no es nueva, y viene desde&#8230;<\/p>\n","protected":false},"author":2,"featured_media":48669,"comment_status":"open","ping_status":"open","sticky":false,"template":"","format":"standard","meta":{"om_disable_all_campaigns":false,"_monsterinsights_skip_tracking":false,"_monsterinsights_sitenote_active":false,"_monsterinsights_sitenote_note":"","_monsterinsights_sitenote_category":0,"_uf_show_specific_survey":0,"_uf_disable_surveys":false,"footnotes":""},"categories":[13,38],"tags":[],"class_list":["post-48668","post","type-post","status-publish","format-standard","has-post-thumbnail","hentry","category-historia","category-hot-news"],"aioseo_notices":[],"_links":{"self":[{"href":"https:\/\/www.crossprensa.com.ar\/news\/wp-json\/wp\/v2\/posts\/48668","targetHints":{"allow":["GET"]}}],"collection":[{"href":"https:\/\/www.crossprensa.com.ar\/news\/wp-json\/wp\/v2\/posts"}],"about":[{"href":"https:\/\/www.crossprensa.com.ar\/news\/wp-json\/wp\/v2\/types\/post"}],"author":[{"embeddable":true,"href":"https:\/\/www.crossprensa.com.ar\/news\/wp-json\/wp\/v2\/users\/2"}],"replies":[{"embeddable":true,"href":"https:\/\/www.crossprensa.com.ar\/news\/wp-json\/wp\/v2\/comments?post=48668"}],"version-history":[{"count":1,"href":"https:\/\/www.crossprensa.com.ar\/news\/wp-json\/wp\/v2\/posts\/48668\/revisions"}],"predecessor-version":[{"id":48670,"href":"https:\/\/www.crossprensa.com.ar\/news\/wp-json\/wp\/v2\/posts\/48668\/revisions\/48670"}],"wp:featuredmedia":[{"embeddable":true,"href":"https:\/\/www.crossprensa.com.ar\/news\/wp-json\/wp\/v2\/media\/48669"}],"wp:attachment":[{"href":"https:\/\/www.crossprensa.com.ar\/news\/wp-json\/wp\/v2\/media?parent=48668"}],"wp:term":[{"taxonomy":"category","embeddable":true,"href":"https:\/\/www.crossprensa.com.ar\/news\/wp-json\/wp\/v2\/categories?post=48668"},{"taxonomy":"post_tag","embeddable":true,"href":"https:\/\/www.crossprensa.com.ar\/news\/wp-json\/wp\/v2\/tags?post=48668"}],"curies":[{"name":"wp","href":"https:\/\/api.w.org\/{rel}","templated":true}]}}