{"id":48165,"date":"2020-08-26T23:00:12","date_gmt":"2020-08-27T02:00:12","guid":{"rendered":"http:\/\/www.crossprensa.com.ar\/news\/?p=48165"},"modified":"2020-08-26T23:00:12","modified_gmt":"2020-08-27T02:00:12","slug":"ricky-carmichael-se-despide-de-suzuki","status":"publish","type":"post","link":"https:\/\/www.crossprensa.com.ar\/news\/ricky-carmichael-se-despide-de-suzuki\/ama-motocross\/","title":{"rendered":"Ricky Carmichael se despide de Suzuki"},"content":{"rendered":"<p><span>Desde su sorpresivo cambio de Honda oficial a Suzuki Factory en 2005, Ricky Carmichael ha sido leal a la marca amarilla, pero hoy anunci\u00f3 que se retira.\u00a0El hombre al que llamamos &#8220;La CABRA&#8221; gan\u00f3 15 campeonatos nacionales en total como piloto profesional de MX y SX y cuatro en Suzuki, dos Campeonatos de Motocross 450 AMA y dos Campeonatos de Supercross 450 AMA, antes de retirarse.\u00a0<\/span><\/p>\n<p><!--more--><\/p>\n<p><span>Despu\u00e9s de retirarse, RC se convirti\u00f3 en embajador de la marca Suzuki e incluso gan\u00f3 un campeonato como copropietario del equipo RCH \/ Suzuki con Ken Roczen en la moto.\u00a0Hoy, sin embargo, RC escribi\u00f3 una carta abierta a Suzuki anunciando que deja la marca despu\u00e9s de 15 a\u00f1os y se despidi\u00f3.\u00a0<\/span><\/p>\n<blockquote><p><span>A todos mis fan\u00e1ticos y a todos en nuestra comunidad de motocrossistas,<\/span><\/p>\n<p><span>Despu\u00e9s de 15 a\u00f1os con Suzuki, quer\u00eda aprovechar este momento para agradecer y expresar mi gratitud a todo el personal de Suzuki of America, Suzuki Jap\u00f3n y a todas las dem\u00e1s regiones con las que he tenido la suerte de trabajar a lo largo de los a\u00f1os.\u00a0Pudimos lograr grandes cosas juntos, tanto como piloto y como propietario de un equipo, y soy muy afortunado de haber hecho grandes amistades en el camino.<\/span><\/p>\n<p><span>A medida que cambian los tiempos, he estado buscando otras oportunidades dentro de la industria de las motocicletas y explorando opciones donde siento que mis experiencias se pueden aplicar mejor para ayudar a hacer crecer nuestro gran deporte.\u00a0Como todos saben, tambi\u00e9n disfruto de los desaf\u00edos y de ver lo que un equipo de personas puede hacer para producir un gran resultado cuando se trabaja en conjunto en nuevos proyectos.<\/span><\/p>\n<p><span>Contin\u00fao construyendo sobre mis a\u00f1os de experiencia como piloto, ahora estoy en transici\u00f3n para disfrutar de otros aspectos de la comunidad de corredores.<\/span><br \/>\n<span>Esta no ha sido una decisi\u00f3n f\u00e1cil, pero el futuro es emocionante para m\u00ed.\u00a0Mi amor por las motos ha crecido m\u00e1s all\u00e1 de la conducci\u00f3n off road y estoy deseando explorar esas oportunidades m\u00e1s en el futuro.\u00a0Trabajar\u00e9 por siempre para promover nuestro deporte y continuar retribuyendo a los pilotos amateurs que esperan ver sus sue\u00f1os realizados, tal como lo hice hace muchos a\u00f1os.<\/span><\/p>\n<p><span>Con eso, quiero desearles a todos en Suzuki un \u00e9xito continuo en el futuro.\u00a0Las amistades van mucho m\u00e1s all\u00e1 de las relaciones laborales, tengo la suerte de tener a muchos de ustedes como amigos y espero verlos en las carreras y en la carretera.<\/span><\/p>\n<p><span>Mis m\u00e1s cordiales saludos,<\/span><\/p>\n<p><span>RC<\/span><\/p><\/blockquote>\n","protected":false},"excerpt":{"rendered":"<p>Desde su sorpresivo cambio de Honda oficial a Suzuki Factory en 2005, Ricky Carmichael ha&#8230;<\/p>\n","protected":false},"author":2,"featured_media":0,"comment_status":"open","ping_status":"open","sticky":false,"template":"","format":"standard","meta":{"om_disable_all_campaigns":false,"_monsterinsights_skip_tracking":false,"_monsterinsights_sitenote_active":false,"_monsterinsights_sitenote_note":"","_monsterinsights_sitenote_category":0,"_uf_show_specific_survey":0,"_uf_disable_surveys":false,"footnotes":""},"categories":[25,30,38],"tags":[],"class_list":["post-48165","post","type-post","status-publish","format-standard","hentry","category-ama-motocross","category-ama-supercross","category-hot-news"],"aioseo_notices":[],"_links":{"self":[{"href":"https:\/\/www.crossprensa.com.ar\/news\/wp-json\/wp\/v2\/posts\/48165","targetHints":{"allow":["GET"]}}],"collection":[{"href":"https:\/\/www.crossprensa.com.ar\/news\/wp-json\/wp\/v2\/posts"}],"about":[{"href":"https:\/\/www.crossprensa.com.ar\/news\/wp-json\/wp\/v2\/types\/post"}],"author":[{"embeddable":true,"href":"https:\/\/www.crossprensa.com.ar\/news\/wp-json\/wp\/v2\/users\/2"}],"replies":[{"embeddable":true,"href":"https:\/\/www.crossprensa.com.ar\/news\/wp-json\/wp\/v2\/comments?post=48165"}],"version-history":[{"count":1,"href":"https:\/\/www.crossprensa.com.ar\/news\/wp-json\/wp\/v2\/posts\/48165\/revisions"}],"predecessor-version":[{"id":48167,"href":"https:\/\/www.crossprensa.com.ar\/news\/wp-json\/wp\/v2\/posts\/48165\/revisions\/48167"}],"wp:attachment":[{"href":"https:\/\/www.crossprensa.com.ar\/news\/wp-json\/wp\/v2\/media?parent=48165"}],"wp:term":[{"taxonomy":"category","embeddable":true,"href":"https:\/\/www.crossprensa.com.ar\/news\/wp-json\/wp\/v2\/categories?post=48165"},{"taxonomy":"post_tag","embeddable":true,"href":"https:\/\/www.crossprensa.com.ar\/news\/wp-json\/wp\/v2\/tags?post=48165"}],"curies":[{"name":"wp","href":"https:\/\/api.w.org\/{rel}","templated":true}]}}